{"id":6372070,"date":"2014-10-24T21:07:38","date_gmt":"2014-10-24T21:07:38","guid":{"rendered":"https:\/\/www.upo.es\/diario\/?p=6372070"},"modified":"2014-10-27T13:20:32","modified_gmt":"2014-10-27T13:20:32","slug":"el-encuentro-entre-la-olavide-y-el-cuerpo-consular-de-sevilla-reune-en-la-universidad-a-los-consules-de-26-paises","status":"publish","type":"post","link":"https:\/\/www.upo.es\/diario\/institucional\/2014\/10\/el-encuentro-entre-la-olavide-y-el-cuerpo-consular-de-sevilla-reune-en-la-universidad-a-los-consules-de-26-paises\/","title":{"rendered":"El encuentro entre la Olavide  y el Cuerpo Consular de Sevilla re\u00fane en la Universidad a los c\u00f3nsules de 26 pa\u00edses"},"content":{"rendered":"<figure id=\"attachment_6372071\" aria-describedby=\"caption-attachment-6372071\" style=\"width: 600px\" class=\"wp-caption aligncenter\"><a href=\"https:\/\/www.upo.es\/diario\/wp-content\/uploads\/2014\/10\/UPO-consules-sevilla.jpg\"><img loading=\"lazy\" decoding=\"async\" class=\"size-large wp-image-6372071\" alt=\"Los c\u00f3nsules en Sevilla de 26 pa\u00edses se han reunido hoy viernes con el equipo de gobierno y decanos de la Universidad\" src=\"https:\/\/www.upo.es\/diario\/wp-content\/uploads\/2014\/10\/UPO-consules-sevilla-600x400.jpg\" width=\"600\" height=\"400\" srcset=\"https:\/\/www.upo.es\/diario\/wp-content\/uploads\/2014\/10\/UPO-consules-sevilla-600x400.jpg 600w, https:\/\/www.upo.es\/diario\/wp-content\/uploads\/2014\/10\/UPO-consules-sevilla-320x213.jpg 320w\" sizes=\"auto, (max-width: 600px) 100vw, 600px\" \/><\/a><figcaption id=\"caption-attachment-6372071\" class=\"wp-caption-text\">Los c\u00f3nsules en Sevilla de 26 pa\u00edses se han reunido hoy viernes con el equipo de gobierno y decanos de la Universidad<\/figcaption><\/figure>\n<p>Los c\u00f3nsules en Sevilla de 26 pa\u00edses se han reunido hoy viernes en la Universidad Pablo de Olavide, en el<strong> Encuentro Internacional Universidad Pablo de Olavide-Cuerpo Consular de Sevilla<\/strong> que se ha celebrado en la UPO, en cuyo marco <strong>el rector Vicente Guzm\u00e1n y el presidente de la Asociaci\u00f3n del Cuerpo Consular de Sevilla, Jos\u00e9 Carlos Ruiz-Berdejo y Sigurt\u00e0, han suscrito un protocolo general de colaboraci\u00f3n<\/strong> para reforzar las relaciones entre ambas instituciones.<\/p>\n<figure id=\"attachment_6372078\" aria-describedby=\"caption-attachment-6372078\" style=\"width: 320px\" class=\"wp-caption alignright\"><a href=\"https:\/\/www.upo.es\/diario\/wp-content\/uploads\/2014\/10\/conv-UPO-Consules-Sevilla.jpg\"><img loading=\"lazy\" decoding=\"async\" class=\"size-medium wp-image-6372078\" alt=\"El presidente Jos\u00e9 Carlos Ruiz-Berdejo y el rector Vicente Guzm\u00e1n han firmado esta ma\u00f1ana un protocolo de colaboraci\u00f3n entre ambas instituciones\" src=\"https:\/\/www.upo.es\/diario\/wp-content\/uploads\/2014\/10\/conv-UPO-Consules-Sevilla-320x213.jpg\" width=\"320\" height=\"213\" srcset=\"https:\/\/www.upo.es\/diario\/wp-content\/uploads\/2014\/10\/conv-UPO-Consules-Sevilla-320x213.jpg 320w, https:\/\/www.upo.es\/diario\/wp-content\/uploads\/2014\/10\/conv-UPO-Consules-Sevilla-600x400.jpg 600w\" sizes=\"auto, (max-width: 320px) 100vw, 320px\" \/><\/a><figcaption id=\"caption-attachment-6372078\" class=\"wp-caption-text\">El presidente Jos\u00e9 Carlos Ruiz-Berdejo y el rector Vicente Guzm\u00e1n han firmado esta ma\u00f1ana un protocolo de colaboraci\u00f3n entre ambas instituciones<\/figcaption><\/figure>\n<p>A este encuentro, concebido como reuni\u00f3n de trabajo y puesta en com\u00fan para abrir l\u00edneas de colaboraci\u00f3n rec\u00edproca, han asistido -adem\u00e1s del presidente de la Asociaci\u00f3n del Cuerpo Consular de Sevilla y c\u00f3nsul de Chipre, Jos\u00e9 Carlos Ruiz-Berdejo y Sigurt\u00e1- los c\u00f3nsules de Alemania, Marc Schmelcher; Brasil, Blas Ballesteros Sastre; Colombia, \u00c1lvaro Alfonso Perdomo Gonz\u00e1lez; Costa de Marfil, Jes\u00fas Mej\u00edas Begines; Cuba, Ulises I. Arranz Fern\u00e1ndez; Ecuador, H\u00e9ctor Salgado Rodr\u00edguez; Estados Unidos, Alan P. Campbell; Filipinas, Jos\u00e9 I. Bid\u00f3n y Vigil de Qui\u00f1ones; Francia,\u00a0 Annouchka de Andrade; Guatemala, Benjam\u00edn\u00a0 Mu\u00f1oz Zamora; Irlanda, Ignacio de la Oliva Agull\u00f3; Jap\u00f3n, Jos\u00e9 Jap\u00f3n Sevilla; Macedonia, Jos\u00e9 Jim\u00e9nez Silva; Malta, Francisco Mesonero Fern\u00e1ndez de C\u00f3rdoba; Marruecos, Mohammed Yebari; M\u00e9xico, Eduardo Gonz\u00e1lez Biedma; Pa\u00edses Bajos, Jos\u00e9 Tob\u00edas Lerga Paz; Panam\u00e1, Francisco Jos\u00e9 Gandullo Guerra; Per\u00fa, Javier Mart\u00edn S\u00e1nchez Checa Salazar; Portugal, Jorge Manuel da Cunha Monteiro; Rep\u00fablica Dominicana, Alejandra Guti\u00e9rrez D\u00edaz; Ruman\u00eda, Radu Catalin Mardare; Rusia, Esther Morell Garc\u00eda; Turqu\u00eda, Manuel\u00a0 Moreno Maestre, y Uruguay, Julio Azancot Y\u00e1\u00f1ez. Asimismo, han participado en este encuentro internacional los miembros del equipo de gobierno y los decanos y vicedecanos de las facultades de la UPO y el director de la Escuela Polit\u00e9cnica.<\/p>\n<p>En el encuentro se ha expuesto la proyecci\u00f3n internacional de la UPO, con una presentaci\u00f3n del Centro Universitario Internacional (CUI), del \u00c1rea de Relaciones Internacionales y Cooperaci\u00f3n (ARIC) de la UPO y sobre la Internacionalizaci\u00f3n de los Planes Estrat\u00e9gicos de los Centros.<\/p>\n","protected":false},"excerpt":{"rendered":"<p>Los c\u00f3nsules en Sevilla de 26 pa\u00edses se han reunido en la Universidad Pablo de Olavide, en el Encuentro Internacional Universidad Pablo de Olavide-Cuerpo Consular de Sevilla que se ha celebrado en la UPO, en cuyo marco el rector Vicente Guzm\u00e1n y el presidente de la Asociaci\u00f3n del Cuerpo Consular de Sevilla, Jos\u00e9 Carlos Ruiz-Berdejo y Sigurt\u00e0, han suscrito un protocolo general de colaboraci\u00f3n para reforzar las relaciones entre ambas instituciones.<\/p>\n","protected":false},"author":6,"featured_media":0,"comment_status":"closed","ping_status":"open","sticky":false,"template":"","format":"standard","meta":{"_monsterinsights_skip_tracking":false,"_monsterinsights_sitenote_active":false,"_monsterinsights_sitenote_note":"","_monsterinsights_sitenote_category":0,"footnotes":""},"categories":[6],"tags":[1983,326,202,446,38,171,161,106],"class_list":["post-6372070","post","type-post","status-publish","format-standard","hentry","category-institucional","tag-consulado","tag-convenio","tag-encuentro-institucional","tag-internacional","tag-rector","tag-relaciones-internacionales","tag-sevilla","tag-vicente-c-guzman"],"_links":{"self":[{"href":"https:\/\/www.upo.es\/diario\/wp-json\/wp\/v2\/posts\/6372070","targetHints":{"allow":["GET"]}}],"collection":[{"href":"https:\/\/www.upo.es\/diario\/wp-json\/wp\/v2\/posts"}],"about":[{"href":"https:\/\/www.upo.es\/diario\/wp-json\/wp\/v2\/types\/post"}],"author":[{"embeddable":true,"href":"https:\/\/www.upo.es\/diario\/wp-json\/wp\/v2\/users\/6"}],"replies":[{"embeddable":true,"href":"https:\/\/www.upo.es\/diario\/wp-json\/wp\/v2\/comments?post=6372070"}],"version-history":[{"count":5,"href":"https:\/\/www.upo.es\/diario\/wp-json\/wp\/v2\/posts\/6372070\/revisions"}],"predecessor-version":[{"id":6424474,"href":"https:\/\/www.upo.es\/diario\/wp-json\/wp\/v2\/posts\/6372070\/revisions\/6424474"}],"wp:attachment":[{"href":"https:\/\/www.upo.es\/diario\/wp-json\/wp\/v2\/media?parent=6372070"}],"wp:term":[{"taxonomy":"category","embeddable":true,"href":"https:\/\/www.upo.es\/diario\/wp-json\/wp\/v2\/categories?post=6372070"},{"taxonomy":"post_tag","embeddable":true,"href":"https:\/\/www.upo.es\/diario\/wp-json\/wp\/v2\/tags?post=6372070"}],"curies":[{"name":"wp","href":"https:\/\/api.w.org\/{rel}","templated":true}]}}