{"id":6438974,"date":"2014-10-28T00:47:01","date_gmt":"2014-10-28T00:47:01","guid":{"rendered":"https:\/\/www.upo.es\/diario\/?p=6438974"},"modified":"2014-10-29T10:25:30","modified_gmt":"2014-10-29T10:25:30","slug":"la-universidad-pablo-de-olavide-inaugura-el-curso-de-especialista-en-derecho-de-familia-y-sucesiones","status":"publish","type":"post","link":"https:\/\/www.upo.es\/diario\/institucional\/2014\/10\/la-universidad-pablo-de-olavide-inaugura-el-curso-de-especialista-en-derecho-de-familia-y-sucesiones\/","title":{"rendered":"La Universidad Pablo de Olavide inaugura el Curso de Especialista en Derecho de Familia y Sucesiones"},"content":{"rendered":"<figure id=\"attachment_6438975\" aria-describedby=\"caption-attachment-6438975\" style=\"width: 240px\" class=\"wp-caption alignright\"><a href=\"https:\/\/www.upo.es\/diario\/wp-content\/uploads\/2014\/10\/especialista_derecho_familia.jpg\"><img loading=\"lazy\" decoding=\"async\" class=\"size-medium wp-image-6438975\" alt=\"Ra\u00fal S\u00e1nchez (derecha) y Juan Pablo P\u00e9rez Vel\u00e1zquez, director acad\u00e9micor y coordinador del curso\" src=\"https:\/\/www.upo.es\/diario\/wp-content\/uploads\/2014\/10\/especialista_derecho_familia-240x320.jpg\" width=\"240\" height=\"320\" srcset=\"https:\/\/www.upo.es\/diario\/wp-content\/uploads\/2014\/10\/especialista_derecho_familia-240x320.jpg 240w, https:\/\/www.upo.es\/diario\/wp-content\/uploads\/2014\/10\/especialista_derecho_familia-450x600.jpg 450w, https:\/\/www.upo.es\/diario\/wp-content\/uploads\/2014\/10\/especialista_derecho_familia-600x800.jpg 600w\" sizes=\"auto, (max-width: 240px) 100vw, 240px\" \/><\/a><figcaption id=\"caption-attachment-6438975\" class=\"wp-caption-text\">Ra\u00fal S\u00e1nchez (derecha) y Juan Pablo P\u00e9rez Vel\u00e1zquez, director acad\u00e9mico y coordinador del curso<\/figcaption><\/figure>\n<p>La Universidad Pablo de Olavide ha inaugurado la <strong>II edici\u00f3n del Curso de Especialista Universitario en Derecho de Familia y Sucesiones<\/strong>, organizado por la UPO. Dicho acto ha estado presidido por los profesores <strong>Ra\u00fal S\u00e1nchez G\u00f3mez<\/strong> y <strong>Juan Pablo P\u00e9rez Vel\u00e1zquez<\/strong>, director acad\u00e9mico y coordinador del mismo respectivamente, y han asistido los treinta alumnos que cursar\u00e1n este t\u00edtulo propio.<\/p>\n<p>Los principales objetivos del curso son dar a conocer el marco jur\u00eddico y pr\u00e1ctico del Derecho de Familia y Sucesiones; acercar a los participantes las principales novedades que presentan los diferentes cuerpos normativos que regulan las materias de estudio y adquirir las competencias necesarias de la pr\u00e1ctica profesional en derecho de familia y sucesiones, entre otros.<\/p>\n<p>Este nuevo curso <strong>se extender\u00e1 hasta el pr\u00f3ximo mes de marzo y es de car\u00e1cter semipresencial<\/strong>. Entre los temas que se tratar\u00e1n, figuran el proceso contencioso y de mutuo acuerdo de la separaci\u00f3n y del divorcio; el proceso de nulidad matrimonial, tanto civil como eclesi\u00e1stica; la disoluci\u00f3n y liquidaci\u00f3n del r\u00e9gimen econ\u00f3mico matrimonial; el derecho de uso de la vivienda familiar en los supuestos de custodia compartida; la pr\u00e1ctica testamentaria o el proceso de divisi\u00f3n de la herencia.<\/p>\n<p>El Curso de Especialista Universitario en Derecho de Familia y Sucesiones est\u00e1<strong> dirigido a abogados, jueces, fiscales, trabajadores sociales, psic\u00f3logos, educadores sociales, pedagogos, psicopedagogos<\/strong>, as\u00ed como a todas las personas interesadas en conocer las cuestiones que suscita la materia.<\/p>\n<p>M\u00e1s informaci\u00f3n:\u00a0<a title=\"CEDEP\" href=\"http:\/\/www.upo.es\/postgrado\/Experto-Derecho-de-Familia-y-Sucesiones\" target=\"_blank\">www.upo.es\/postgrado\/Experto-Derecho-de-Familia-y-Sucesiones<\/a><\/p>\n","protected":false},"excerpt":{"rendered":"<p>La Universidad Pablo de Olavide ha inaugurado la II edici\u00f3n del Curso de Especialista Universitario en Derecho de Familia y Sucesiones, organizado por la UPO. Dicho acto ha estado presidido por los profesores Ra\u00fal S\u00e1nchez G\u00f3mez y Juan Pablo P\u00e9rez Vel\u00e1zquez, director acad\u00e9mico y coordinador del mismo respectivamente, y han asistido los treinta alumnos que cursar\u00e1n este t\u00edtulo propio.<\/p>\n","protected":false},"author":6,"featured_media":0,"comment_status":"closed","ping_status":"open","sticky":false,"template":"","format":"standard","meta":{"_monsterinsights_skip_tracking":false,"_monsterinsights_sitenote_active":false,"_monsterinsights_sitenote_note":"","_monsterinsights_sitenote_category":0,"footnotes":""},"categories":[6],"tags":[141,87,714,609,82,1320],"class_list":["post-6438974","post","type-post","status-publish","format-standard","hentry","category-institucional","tag-curso","tag-derecho","tag-derecho-privado","tag-especializacion","tag-postgrado","tag-titulos-propios"],"_links":{"self":[{"href":"https:\/\/www.upo.es\/diario\/wp-json\/wp\/v2\/posts\/6438974","targetHints":{"allow":["GET"]}}],"collection":[{"href":"https:\/\/www.upo.es\/diario\/wp-json\/wp\/v2\/posts"}],"about":[{"href":"https:\/\/www.upo.es\/diario\/wp-json\/wp\/v2\/types\/post"}],"author":[{"embeddable":true,"href":"https:\/\/www.upo.es\/diario\/wp-json\/wp\/v2\/users\/6"}],"replies":[{"embeddable":true,"href":"https:\/\/www.upo.es\/diario\/wp-json\/wp\/v2\/comments?post=6438974"}],"version-history":[{"count":4,"href":"https:\/\/www.upo.es\/diario\/wp-json\/wp\/v2\/posts\/6438974\/revisions"}],"predecessor-version":[{"id":6456371,"href":"https:\/\/www.upo.es\/diario\/wp-json\/wp\/v2\/posts\/6438974\/revisions\/6456371"}],"wp:attachment":[{"href":"https:\/\/www.upo.es\/diario\/wp-json\/wp\/v2\/media?parent=6438974"}],"wp:term":[{"taxonomy":"category","embeddable":true,"href":"https:\/\/www.upo.es\/diario\/wp-json\/wp\/v2\/categories?post=6438974"},{"taxonomy":"post_tag","embeddable":true,"href":"https:\/\/www.upo.es\/diario\/wp-json\/wp\/v2\/tags?post=6438974"}],"curies":[{"name":"wp","href":"https:\/\/api.w.org\/{rel}","templated":true}]}}