{"id":6441776,"date":"2014-10-28T08:14:39","date_gmt":"2014-10-28T08:14:39","guid":{"rendered":"https:\/\/www.upo.es\/diario\/?p=6441776"},"modified":"2014-10-28T13:25:56","modified_gmt":"2014-10-28T13:25:56","slug":"la-upo-organiza-esta-semana-varios-talleres-de-entrenamiento-en-procesos-de-seleccion","status":"publish","type":"post","link":"https:\/\/www.upo.es\/diario\/institucional\/2014\/10\/la-upo-organiza-esta-semana-varios-talleres-de-entrenamiento-en-procesos-de-seleccion\/","title":{"rendered":"La UPO organiza esta semana varios talleres de entrenamiento en procesos de selecci\u00f3n"},"content":{"rendered":"<p>La Universidad Pablo de Olavide celebra durante los pr\u00f3ximos d\u00edas tres talleres en los que los j\u00f3venes universitarios podr\u00e1n ponerse a prueba en procesos de selecci\u00f3n. <strong>Bajo el t\u00edtulo \u201cPru\u00e9bate\u201d se abordar\u00e1n temas tan interesantes como los psicot\u00e9cnicos, las din\u00e1micas de grupo o las entrevistas de selecci\u00f3n<\/strong>.<\/p>\n<p>Todos estos talleres, organizados por el \u00c1rea de Orientaci\u00f3n Profesional e Inserci\u00f3n Laboral de la Fundaci\u00f3n Universidad-Sociedad, est\u00e1n dirigidos a estudiantes de grado y postgrado con iniciativa emprendedora, hasta un m\u00e1ximo de 30 plazas, y se celebrar\u00e1n de 09.30 a 12.30 horas en el aula de inform\u00e1tica 104 del Edificio 45.<\/p>\n<p>El primero de estos seminarios se celebra ma\u00f1ana d\u00eda 29 de octubre bajo el t\u00edtulo \u201cPru\u00e9bate I: psicot\u00e9cnicos y din\u00e1micas de grupo\u201d y en \u00e9l se abordar\u00e1n estas dos herramientas que se utilizan en los procesos de selecci\u00f3n, ofreciendo a los asistentes las pautas para superarlas con \u00e9xito.<\/p>\n<p>Un d\u00eda despu\u00e9s, el jueves 30, se explicar\u00e1n las claves de las entrevistas de selecci\u00f3n y el viernes, 31 de octubre, se finalizar\u00e1 esta serie con un seminario pr\u00e1ctico en el que los asistentes se pondr\u00e1n a prueba en diferentes casos de entrevistas.<\/p>\n<p>Todos los interesados en participar en este taller deben inscribirse enviando un correo electr\u00f3nico a la direcci\u00f3n <a href=\"mailto:orientacionprofesional@fundacion.upo.es\">orientacionprofesional@fundacion.upo.es<\/a> indicando su nombre, apellidos y estudios o bien llamando por tel\u00e9fono al 954 34 98 15.<\/p>\n","protected":false},"excerpt":{"rendered":"<p>La Universidad Pablo de Olavide celebra durante los pr\u00f3ximos d\u00edas tres talleres en los que los j\u00f3venes universitarios podr\u00e1n ponerse a prueba en procesos de selecci\u00f3n.<\/p>\n","protected":false},"author":8,"featured_media":0,"comment_status":"closed","ping_status":"open","sticky":false,"template":"","format":"standard","meta":{"_monsterinsights_skip_tracking":false,"_monsterinsights_sitenote_active":false,"_monsterinsights_sitenote_note":"","_monsterinsights_sitenote_category":0,"footnotes":""},"categories":[6],"tags":[438,1995,1107,1996,549],"class_list":["post-6441776","post","type-post","status-publish","format-standard","hentry","category-institucional","tag-empleo","tag-entrevistas","tag-fundacion-universidad-sociedad","tag-seminarios","tag-talleres"],"_links":{"self":[{"href":"https:\/\/www.upo.es\/diario\/wp-json\/wp\/v2\/posts\/6441776","targetHints":{"allow":["GET"]}}],"collection":[{"href":"https:\/\/www.upo.es\/diario\/wp-json\/wp\/v2\/posts"}],"about":[{"href":"https:\/\/www.upo.es\/diario\/wp-json\/wp\/v2\/types\/post"}],"author":[{"embeddable":true,"href":"https:\/\/www.upo.es\/diario\/wp-json\/wp\/v2\/users\/8"}],"replies":[{"embeddable":true,"href":"https:\/\/www.upo.es\/diario\/wp-json\/wp\/v2\/comments?post=6441776"}],"version-history":[{"count":3,"href":"https:\/\/www.upo.es\/diario\/wp-json\/wp\/v2\/posts\/6441776\/revisions"}],"predecessor-version":[{"id":6441780,"href":"https:\/\/www.upo.es\/diario\/wp-json\/wp\/v2\/posts\/6441776\/revisions\/6441780"}],"wp:attachment":[{"href":"https:\/\/www.upo.es\/diario\/wp-json\/wp\/v2\/media?parent=6441776"}],"wp:term":[{"taxonomy":"category","embeddable":true,"href":"https:\/\/www.upo.es\/diario\/wp-json\/wp\/v2\/categories?post=6441776"},{"taxonomy":"post_tag","embeddable":true,"href":"https:\/\/www.upo.es\/diario\/wp-json\/wp\/v2\/tags?post=6441776"}],"curies":[{"name":"wp","href":"https:\/\/api.w.org\/{rel}","templated":true}]}}