{"id":6456895,"date":"2014-10-19T00:46:58","date_gmt":"2014-10-19T00:46:58","guid":{"rendered":"https:\/\/www.upo.es\/diario\/?p=6456895"},"modified":"2014-10-31T08:33:36","modified_gmt":"2014-10-31T08:33:36","slug":"manana-en-la-upo-conferencia-y-presentacion-del-libro-la-accion-del-gobierno-de-antonio-porras-nadales","status":"publish","type":"post","link":"https:\/\/www.upo.es\/diario\/institucional\/2014\/10\/manana-en-la-upo-conferencia-y-presentacion-del-libro-la-accion-del-gobierno-de-antonio-porras-nadales\/","title":{"rendered":"Ma\u00f1ana en la UPO, conferencia y presentaci\u00f3n del libro \u201cLa acci\u00f3n del Gobierno\u201d, de Antonio Porras Nadales"},"content":{"rendered":"<p><a href=\"https:\/\/www.upo.es\/diario\/wp-content\/uploads\/2014\/10\/portada_lib_antonioporras.jpg\"><img loading=\"lazy\" decoding=\"async\" class=\"alignright  wp-image-6457073\" alt=\"portada_lib_antonioporras\" src=\"https:\/\/www.upo.es\/diario\/wp-content\/uploads\/2014\/10\/portada_lib_antonioporras.jpg\" width=\"202\" height=\"334\" srcset=\"https:\/\/www.upo.es\/diario\/wp-content\/uploads\/2014\/10\/portada_lib_antonioporras.jpg 400w, https:\/\/www.upo.es\/diario\/wp-content\/uploads\/2014\/10\/portada_lib_antonioporras-193x320.jpg 193w\" sizes=\"auto, (max-width: 202px) 100vw, 202px\" \/><\/a>Ma\u00f1ana jueves, 30 de octubre, a las 16 horas, en la sala de grados de la Biblioteca (edificio 25B) de la Universidad Pablo de Olavide, tendr\u00e1 lugar la conferencia y presentaci\u00f3n del libro<strong> \u201cLa acci\u00f3n del Gobierno: gobernabilidad, gobernanza y gobermedia\u201d<\/strong>, de Antonio Porras Nadales, catedr\u00e1tico de Derecho Constitucional en la Universidad de Sevilla e impulsor de los primeros estudios de doctorado en la UPO sobre An\u00e1lisis y Gesti\u00f3n de Pol\u00edticas P\u00fablicas. Este acto ha sido organizado por el \u00c1rea de Ciencias Pol\u00edticas y de la Administraci\u00f3n del Departamento de Derecho P\u00fablico.<\/p>\n<p>El libro de Porras Nadales, publicado por la editorial Trotta, es un estudio poco com\u00fan sobre el Gobierno, que profundiza en cuestiones referidas a la propia acci\u00f3n de gobierno o su filosof\u00eda inspiradora, un n\u00facleo problem\u00e1tico que resulta particularmente central tras la emergencia del Estado social intervencionista y su intensa evoluci\u00f3n desde mediados del siglo XX. Tal evoluci\u00f3n aparece cuajada de \u00e1mbitos de discusi\u00f3n que podr\u00edan ubicarse de forma sistem\u00e1tica en torno a tres categor\u00edas sucesivas: gobernabilidad, gobernanza y gobermedia. Partiendo de estas categor\u00edas es posible entender y analizar m\u00e1s adecuadamente tanto la posici\u00f3n de los ejecutivos en las democracias contempor\u00e1neas como sus principales tensiones y contradicciones. La capacidad de programaci\u00f3n, la capacidad de respuesta o la presencia virtual de los gobernantes ante la opini\u00f3n p\u00fablica se configuran como ejes explicativos de la posici\u00f3n del gobierno en el contexto del Estado intervencionista contempor\u00e1neo, permitiendo comprender tambi\u00e9n algunas de sus encrucijadas.<\/p>\n","protected":false},"excerpt":{"rendered":"<p>Ma\u00f1ana jueves, 30 de octubre, a las 16 horas, en la sala de grados de la Biblioteca de la Universidad Pablo de Olavide, tendr\u00e1 lugar la conferencia y presentaci\u00f3n del libro \u201cLa acci\u00f3n del Gobierno: gobernabilidad, gobernanza y gobermedia\u201d, de Antonio Porras Nadales.<\/p>\n","protected":false},"author":8,"featured_media":0,"comment_status":"closed","ping_status":"open","sticky":false,"template":"","format":"standard","meta":{"_monsterinsights_skip_tracking":false,"_monsterinsights_sitenote_active":false,"_monsterinsights_sitenote_note":"","_monsterinsights_sitenote_category":0,"footnotes":""},"categories":[6],"tags":[1998,125,67,878,333,76,334],"class_list":["post-6456895","post","type-post","status-publish","format-standard","hentry","category-institucional","tag-antonio-porras-nadales","tag-biblioteca","tag-ciencias-politicas-y-de-la-administracion","tag-editorial","tag-libro","tag-politica","tag-presentacion"],"_links":{"self":[{"href":"https:\/\/www.upo.es\/diario\/wp-json\/wp\/v2\/posts\/6456895","targetHints":{"allow":["GET"]}}],"collection":[{"href":"https:\/\/www.upo.es\/diario\/wp-json\/wp\/v2\/posts"}],"about":[{"href":"https:\/\/www.upo.es\/diario\/wp-json\/wp\/v2\/types\/post"}],"author":[{"embeddable":true,"href":"https:\/\/www.upo.es\/diario\/wp-json\/wp\/v2\/users\/8"}],"replies":[{"embeddable":true,"href":"https:\/\/www.upo.es\/diario\/wp-json\/wp\/v2\/comments?post=6456895"}],"version-history":[{"count":8,"href":"https:\/\/www.upo.es\/diario\/wp-json\/wp\/v2\/posts\/6456895\/revisions"}],"predecessor-version":[{"id":6484610,"href":"https:\/\/www.upo.es\/diario\/wp-json\/wp\/v2\/posts\/6456895\/revisions\/6484610"}],"wp:attachment":[{"href":"https:\/\/www.upo.es\/diario\/wp-json\/wp\/v2\/media?parent=6456895"}],"wp:term":[{"taxonomy":"category","embeddable":true,"href":"https:\/\/www.upo.es\/diario\/wp-json\/wp\/v2\/categories?post=6456895"},{"taxonomy":"post_tag","embeddable":true,"href":"https:\/\/www.upo.es\/diario\/wp-json\/wp\/v2\/tags?post=6456895"}],"curies":[{"name":"wp","href":"https:\/\/api.w.org\/{rel}","templated":true}]}}