{"id":6539701,"date":"2014-11-03T00:08:32","date_gmt":"2014-11-03T00:08:32","guid":{"rendered":"https:\/\/www.upo.es\/diario\/?p=6539701"},"modified":"2014-11-04T14:12:10","modified_gmt":"2014-11-04T14:12:10","slug":"manana-se-inaugura-en-la-unia-el-congreso-internacional-de-historia-del-olimpismo-conrado-durantez","status":"publish","type":"post","link":"https:\/\/www.upo.es\/diario\/institucional\/2014\/11\/manana-se-inaugura-en-la-unia-el-congreso-internacional-de-historia-del-olimpismo-conrado-durantez\/","title":{"rendered":"Ma\u00f1ana se inaugura en la UNIA el Congreso Internacional de Historia del Olimpismo: Conrado Dur\u00e1ntez"},"content":{"rendered":"<p><span style=\"text-decoration: underline;\"> Ma\u00f1ana martes, a las 13 horas en la UNIA<\/span>, se inaugurar\u00e1 el Congreso Internacional de Historia del Olimpismo: Conrado Dur\u00e1ntez, que se va a desarrollar los d\u00edas 4 y 5 de noviembre en Sevilla y que ha sido organizado por las universidades Pablo de Olavide (UPO) e Internacional de Andaluc\u00eda (UNIA). El presidente de la Academia Ol\u00edmpica Espa\u00f1ola, Conrado Dur\u00e1ntez, asistir\u00e1 junto al rector de la UNIA, Eugenio Dom\u00ednguez Vilches, a la inauguraci\u00f3n oficial del Congreso.<\/p>\n<p>El Congreso, cuyo director es Manuel Porras, responsable del Centro de Estudios Ol\u00edmpicos Olavide; se va a desarrollar en dos jornadas: la primera, en el Campus La Cartuja de la UNIA en Sevilla (Monasterio de Santa Mar\u00eda de Las Cuevas, c\/ Am\u00e9rico Vespucio, 2) y, la segunda en la UPO (Autov\u00eda de Utrera, km 1). La UNIA ha incluido este congreso\/homenaje dentro de su programaci\u00f3n especial con motivo de la celebraci\u00f3n del 20 aniversario de su creaci\u00f3n.<\/p>\n<p>Conrado Dur\u00e1ntez es tambi\u00e9n presidente de Honor del Comit\u00e9 Internacional Pierre de Coubertin y presidente de la Asociaci\u00f3n de Academias Ol\u00edmpicas Iberoamericanas, y ha sido magistrado del Tribunal Superior de Justicia de Madrid. Este congreso se le ha dedicado a \u00e9l por su implicaci\u00f3n en la difusi\u00f3n de los valores del olimpismo desde 1961, a\u00f1o en que particip\u00f3 en la primera sesi\u00f3n y constituci\u00f3n de la Academia Ol\u00edmpica Internacional celebrada en Olimpia, Grecia. El Comit\u00e9 Ol\u00edmpico Internacional le concedi\u00f3 la Orden Ol\u00edmpica en 1989 y en 1994 fue nombrado Doctor Honoris Causa por la Academia Nacional de Deportes de Estados Unidos.<\/p>\n<p>Consultar <a href=\"https:\/\/www1.upo.es\/estudios-olimpicos\/congreso-internacional-de-historia-del-olimpismo\/programa\/\">Programa<\/a> del congreso<\/p>\n","protected":false},"excerpt":{"rendered":"<p>Ma\u00f1ana martes, a las 13 horas en la UNIA, se inaugurar\u00e1 el Congreso Internacional de Historia del Olimpismo: Conrado Dur\u00e1ntez, que se va a desarrollar los d\u00edas 4 y 5 de noviembre en Sevilla y que ha sido organizado por las universidades Pablo de Olavide (UPO) e Internacional de Andaluc\u00eda (UNIA). El presidente de la Academia Ol\u00edmpica Espa\u00f1ola, Conrado Dur\u00e1ntez, asistir\u00e1 junto al rector de la UNIA, Eugenio Dom\u00ednguez Vilches, a la inauguraci\u00f3n oficial del Congreso. <\/p>\n","protected":false},"author":9,"featured_media":0,"comment_status":"closed","ping_status":"open","sticky":false,"template":"","format":"standard","meta":{"_monsterinsights_skip_tracking":false,"_monsterinsights_sitenote_active":false,"_monsterinsights_sitenote_note":"","_monsterinsights_sitenote_category":0,"footnotes":""},"categories":[6],"tags":[170,2000],"class_list":["post-6539701","post","type-post","status-publish","format-standard","hentry","category-institucional","tag-unia","tag-universidade-pablo-de-olavide"],"_links":{"self":[{"href":"https:\/\/www.upo.es\/diario\/wp-json\/wp\/v2\/posts\/6539701","targetHints":{"allow":["GET"]}}],"collection":[{"href":"https:\/\/www.upo.es\/diario\/wp-json\/wp\/v2\/posts"}],"about":[{"href":"https:\/\/www.upo.es\/diario\/wp-json\/wp\/v2\/types\/post"}],"author":[{"embeddable":true,"href":"https:\/\/www.upo.es\/diario\/wp-json\/wp\/v2\/users\/9"}],"replies":[{"embeddable":true,"href":"https:\/\/www.upo.es\/diario\/wp-json\/wp\/v2\/comments?post=6539701"}],"version-history":[{"count":6,"href":"https:\/\/www.upo.es\/diario\/wp-json\/wp\/v2\/posts\/6539701\/revisions"}],"predecessor-version":[{"id":6557497,"href":"https:\/\/www.upo.es\/diario\/wp-json\/wp\/v2\/posts\/6539701\/revisions\/6557497"}],"wp:attachment":[{"href":"https:\/\/www.upo.es\/diario\/wp-json\/wp\/v2\/media?parent=6539701"}],"wp:term":[{"taxonomy":"category","embeddable":true,"href":"https:\/\/www.upo.es\/diario\/wp-json\/wp\/v2\/categories?post=6539701"},{"taxonomy":"post_tag","embeddable":true,"href":"https:\/\/www.upo.es\/diario\/wp-json\/wp\/v2\/tags?post=6539701"}],"curies":[{"name":"wp","href":"https:\/\/api.w.org\/{rel}","templated":true}]}}