{"id":6556031,"date":"2014-11-04T00:31:06","date_gmt":"2014-11-04T00:31:06","guid":{"rendered":"https:\/\/www.upo.es\/diario\/?p=6556031"},"modified":"2014-11-11T12:54:21","modified_gmt":"2014-11-11T12:54:21","slug":"arranca-la-semana-de-la-ciencia-de-la-upo-con-un-desayuno-entre-cientificos-y-estudiantes","status":"publish","type":"post","link":"https:\/\/www.upo.es\/diario\/institucional\/2014\/11\/arranca-la-semana-de-la-ciencia-de-la-upo-con-un-desayuno-entre-cientificos-y-estudiantes\/","title":{"rendered":"Arranca la Semana de la Ciencia de la UPO con un desayuno entre cient\u00edficos y estudiantes"},"content":{"rendered":"<figure id=\"attachment_655603\" aria-describedby=\"caption-attachment-655603\" style=\"width: 320px\" class=\"wp-caption alignright\"><a href=\"https:\/\/www.upo.es\/diario\/wp-content\/uploads\/2014\/11\/Semana_Ciencia2.jpg\"><img loading=\"lazy\" decoding=\"async\" class=\"size-medium wp-image-6556039\" alt=\"Semana_Ciencia2\" src=\"https:\/\/www.upo.es\/diario\/wp-content\/uploads\/2014\/11\/Semana_Ciencia2-320x213.jpg\" width=\"320\" height=\"213\" srcset=\"https:\/\/www.upo.es\/diario\/wp-content\/uploads\/2014\/11\/Semana_Ciencia2-320x213.jpg 320w, https:\/\/www.upo.es\/diario\/wp-content\/uploads\/2014\/11\/Semana_Ciencia2-600x400.jpg 600w\" sizes=\"auto, (max-width: 320px) 100vw, 320px\" \/><\/a><figcaption id=\"caption-attachment-655603\" class=\"wp-caption-text\">Federico Divina, segundo por la izquierda, en la mesa de divulgaci\u00f3n &#8216;C\u00f3mo torturar a los datos hasta que confiesen&#8217;<\/figcaption><\/figure>\n<p>Un total de 240 estudiantes de Secundaria, Bachillerato y Ciclos Formativos han tenido esta ma\u00f1ana un desayuno en la Universidad Pablo de Olavide para charlar con cient\u00edficos de esta universidad sobre cuestiones como la gen\u00e9tica, la neurociencia, la historia o la inform\u00e1tica. Este encuentro, titulado \u201cCaf\u00e9 con ciencia\u201d, con 16 desayunos divulgativos, supone el inicio de la Semana de la Ciencia, un evento europeo que celebra del 4 al 14 de noviembre su decimocuarta edici\u00f3n en la UPO. Para ello, la <a href=\"http:\/\/www.upo.es\/otri\/portada\">Oficina de Transferencia de Resultados de Investigaci\u00f3n<\/a> (OTRI) del Vicerrectorado de Investigaci\u00f3n y Transferencia de Tecnolog\u00eda de la UPO ha organizado numerosas actividades que acercar\u00e1n al p\u00fablico el trabajo que realizan los cient\u00edficos, sus investigaciones, sus motivaciones, as\u00ed como los espacios donde se genera el conocimiento.<\/p>\n<p>Antes de que comenzara esta actividad, la directora de Proyectos Europeos de la OTRI, Sof\u00eda Calero, junto a la directora de la OTRI, Rosario Jim\u00e9nez, ha inaugurado en la UPO la XIV Semana de la Ciencia.<\/p>\n<p><a href=\"http:\/\/www.upo.es\/semanadelaciencia\/Cafe_con_Ciencia\/index.jsp\">\u201cCaf\u00e9 con ciencia\u201d<\/a> es una iniciativa coordinada por la <a href=\"http:\/\/fundaciondescubre.es\/\">Fundaci\u00f3n Descubre<\/a>, en colaboraci\u00f3n con las principales entidades de investigaci\u00f3n y divulgaci\u00f3n de Andaluc\u00eda, y cuenta con el apoyo de la Consejer\u00eda de Econom\u00eda, Innovaci\u00f3n, Ciencia y Empleo. Este desayuno divulgativo, que se celebra simult\u00e1neamente en toda Andaluc\u00eda coincidiendo con la inauguraci\u00f3n de la Semana de la Ciencia, tiene como objetivo divulgar la ciencia a trav\u00e9s del di\u00e1logo y la interacci\u00f3n entre investigador y estudiantes, as\u00ed como despertar las vocaciones y el inter\u00e9s por la profesi\u00f3n cient\u00edfica.<\/p>\n<p>La Universidad Pablo de Olavide se ha sumado a esta iniciativa, organizando un total de 16 \u201cCaf\u00e9s con ciencia\u201d. Durante una hora y media, un total de 240 estudiantes de instituto han tenido ocasi\u00f3n de resolver sus dudas y curiosidades en los temas \u201cMisterios en las religiones antiguas\u201d, a cargo de Elena Mu\u00f1iz Grijalvo; \u201cC\u00f3mo torturar a los datos hasta que confiesen\u201d, por parte de Federico Divina; \u201cAdriano: un sevillano gobernando el mundo\u201d, a cargo de Juan Manuel Cort\u00e9s Copete; \u201cA\u00f1adir moscas, gusanos, ratones y ranas\u2026 La poci\u00f3n m\u00e1gica de la biolog\u00eda\u201d, por parte de Mar\u00eda Olmedo; \u201cComunicaci\u00f3n entre cerebro y ordenador: hacia la neurociencia del futuro\u201d, por parte de Javier M\u00e1rquez Ruiz; \u201cQu\u00e9 son y para qu\u00e9 sirven las c\u00e9lulas troncales (\u201cmadre\u201d)\u201d, a cargo de Acaimo Gonz\u00e1lez Reyes; \u201cLa vida a trav\u00e9s de las prote\u00ednas\u201d, por parte de Laura Tom\u00e1s Gallardo, y \u201c\u00bfSe puede predecir el futuro?\u201d, a cargo Francisco Mart\u00ednez \u00c1lvarez.<\/p>\n<figure id=\"attachment_655603\" aria-describedby=\"caption-attachment-655603\" style=\"width: 320px\" class=\"wp-caption alignright\"><a href=\"https:\/\/www.upo.es\/diario\/wp-content\/uploads\/2014\/11\/Semana_ciencia1.jpg\"><img loading=\"lazy\" decoding=\"async\" class=\"size-medium wp-image-6556038\" alt=\"Semana_ciencia1\" src=\"https:\/\/www.upo.es\/diario\/wp-content\/uploads\/2014\/11\/Semana_ciencia1-320x213.jpg\" width=\"320\" height=\"213\" srcset=\"https:\/\/www.upo.es\/diario\/wp-content\/uploads\/2014\/11\/Semana_ciencia1-320x213.jpg 320w, https:\/\/www.upo.es\/diario\/wp-content\/uploads\/2014\/11\/Semana_ciencia1-600x399.jpg 600w\" sizes=\"auto, (max-width: 320px) 100vw, 320px\" \/><\/a><figcaption id=\"caption-attachment-655603\" class=\"wp-caption-text\">Sof\u00eda Calero, directora general de Proyectos de la UE, y Rosario Jim\u00e9nez, directora de la OTRI<\/figcaption><\/figure>\n<p>Ma\u00f1ana mi\u00e9rcoles 5 de noviembre, los \u201cCaf\u00e9s con ciencia\u201d continuar\u00e1n en la UPO con los siguientes temas: \u201cUn viaje literario a la Roma de los C\u00e9sares\u201d, a cargo de Rosario Moreno Soldevilla; \u201cLa realidad sociopol\u00edtica no es lo que parece\u201d, explicado por Xavier Coller; \u201c\u00bfC\u00f3mo sabe Facebook todo acerca de ti? \u00bfCrees que el hecho de que la cerveza y los pa\u00f1ales est\u00e1n juntos en un supermercado es casual?&#8230;datos, datos, datos&#8230;\u201d, por parte de Domingo Savio Rodr\u00edguez Baena;\u00a0 \u201cEnvejecer: \u00bfun proceso irremediable?\u201d, a cargo de Guillermo L\u00f3pez Lluch; \u201cC\u00f3mo usamos la ciencia y la tecnolog\u00eda para salvar vidas en terremotos, vulcanismo, huracanes, inundaciones y otros fen\u00f3menos naturales\u201d, explicado por Marga Zango; El uso de la bicicleta desde la Antropolog\u00eda\u201d, por parte de Macarena Hern\u00e1ndez Ram\u00edrez;\u00a0 \u201c\u00bfA qui\u00e9n le importa lo que yo haga (como Alaska) o c\u00f3mo se comportan los pinsapos, las encinas o los cedros seg\u00fan su localizaci\u00f3n?\u201d, a cargo de Jos\u00e9 Ignacio Seco Gordillo, y \u201cUna biblioteca en cada genoma; y t\u00fa, un universo de c\u00e9lulas..\u201d, por parte de Fernando Casares.<\/p>\n<p>Cerca de 700 estudiantes de centros educativos as\u00ed como emprendedores y p\u00fablico en general participar\u00e1n en los talleres pr\u00e1cticos, charlas, jornadas y visitas guiadas programadas a lo largo de estas dos semanas.\u00a0 Para esta edici\u00f3n, la UPO propone los talleres pr\u00e1cticos de \u201cRestauraci\u00f3n de espacios degradados\u00bb, \u00abDescubriendo los \u00e1rboles\u00bb, \u00abMateriales manipulativos: jugando con las matem\u00e1ticas\u00bb,\u00a0 el taller de biotecnolog\u00eda \u00abAqu\u00ed hay Ciencia\u00bb, o \u00abC\u00f3mo utilizar el gusano C.elegans para estudiar el sentido del olfato\u00bb, as\u00ed como los dos talleres \u00abApps en Android: crea tus propias aplicaciones de m\u00f3vil\u00bb, uno de ellos dirigido a emprendedores.<\/p>\n<p>Los estudiantes tambi\u00e9n podr\u00e1n participar en esta Semana de la Ciencia en el juego del Trivial Cient\u00edfico, donde pondr\u00e1n a prueba sus conocimientos de biolog\u00eda, geolog\u00eda, tecnolog\u00eda, matem\u00e1ticas o qu\u00edmica.<\/p>\n<p>El <a href=\"http:\/\/www.upo.es\/semanadelaciencia\/Visitas\/CABD\/index.jsp\">Centro Andaluz de Biolog\u00eda del Desarrollo<\/a> (centro mixto de la UPO, el CSIC y la Junta de Andaluc\u00eda) se sumar\u00e1 un a\u00f1o m\u00e1s a la Semana de la Ciencia abriendo sus puertas y ofreciendo a los j\u00f3venes la oportunidad de experimentar en sus laboratorios. Esta cita, una de las m\u00e1s exitosas en las pasadas ediciones, divide la visita en una parte te\u00f3rica, donde se cuenta qu\u00e9 tipo de trabajo se desarrolla en el centro y una serie de talleres pr\u00e1cticos.<\/p>\n<p>Y junto a ello, el programa de actividades de la Semana de la Ciencia se completa con la proyecci\u00f3n del documental \u201cLa paleohuella ecol\u00f3gica: El origen\u201d, resultado de un proyecto en el que participan investigadores de la UPO y del Instituto Andaluz del Patrimonio Hist\u00f3rico (IAPH), liderados por la cient\u00edfica Elo\u00edsa Bern\u00e1ldez y que ha recibido financiaci\u00f3n de la Fundaci\u00f3n Espa\u00f1ola para la Ciencia y la Tecnolog\u00eda (FECYT) del Ministerio de Econom\u00eda y Competitividad.<\/p>\n<p>M\u00e1s informaci\u00f3n: <a href=\"http:\/\/www.upo.es\/semanadelaciencia\">www.upo.es\/semanadelaciencia<\/a><\/p>\n","protected":false},"excerpt":{"rendered":"<p>Un total de 240 estudiantes de Secundaria, Bachillerato y Ciclos Formativos han tenido esta ma\u00f1ana un encuentro, titulado \u201cCaf\u00e9 con ciencia\u201d, en la Universidad Pablo de Olavide para charlar con cient\u00edficos de esta universidad sobre cuestiones como la gen\u00e9tica, la neurociencia, la historia o la inform\u00e1tica. Este encuentro, titulado \u201cCaf\u00e9 con ciencia\u201d, con 16 desayunos divulgativos, supone el inicio de la Semana de la Ciencia, un evento europeo que celebra del 4 al 14 de noviembre su decimocuarta edici\u00f3n en la UPO.<\/p>\n","protected":false},"author":8,"featured_media":0,"comment_status":"closed","ping_status":"open","sticky":false,"template":"","format":"standard","meta":{"_monsterinsights_skip_tracking":false,"_monsterinsights_sitenote_active":false,"_monsterinsights_sitenote_note":"","_monsterinsights_sitenote_category":0,"footnotes":""},"categories":[6],"tags":[644,1411,83,969],"class_list":["post-6556031","post","type-post","status-publish","format-standard","hentry","category-institucional","tag-bachillerato","tag-fundacion-descubre","tag-otri","tag-semana-de-la-ciencia"],"_links":{"self":[{"href":"https:\/\/www.upo.es\/diario\/wp-json\/wp\/v2\/posts\/6556031","targetHints":{"allow":["GET"]}}],"collection":[{"href":"https:\/\/www.upo.es\/diario\/wp-json\/wp\/v2\/posts"}],"about":[{"href":"https:\/\/www.upo.es\/diario\/wp-json\/wp\/v2\/types\/post"}],"author":[{"embeddable":true,"href":"https:\/\/www.upo.es\/diario\/wp-json\/wp\/v2\/users\/8"}],"replies":[{"embeddable":true,"href":"https:\/\/www.upo.es\/diario\/wp-json\/wp\/v2\/comments?post=6556031"}],"version-history":[{"count":12,"href":"https:\/\/www.upo.es\/diario\/wp-json\/wp\/v2\/posts\/6556031\/revisions"}],"predecessor-version":[{"id":6556041,"href":"https:\/\/www.upo.es\/diario\/wp-json\/wp\/v2\/posts\/6556031\/revisions\/6556041"}],"wp:attachment":[{"href":"https:\/\/www.upo.es\/diario\/wp-json\/wp\/v2\/media?parent=6556031"}],"wp:term":[{"taxonomy":"category","embeddable":true,"href":"https:\/\/www.upo.es\/diario\/wp-json\/wp\/v2\/categories?post=6556031"},{"taxonomy":"post_tag","embeddable":true,"href":"https:\/\/www.upo.es\/diario\/wp-json\/wp\/v2\/tags?post=6556031"}],"curies":[{"name":"wp","href":"https:\/\/api.w.org\/{rel}","templated":true}]}}