{"id":6556771,"date":"2014-11-05T00:31:53","date_gmt":"2014-11-05T00:31:53","guid":{"rendered":"https:\/\/www.upo.es\/diario\/?p=6556771"},"modified":"2014-11-05T08:43:42","modified_gmt":"2014-11-05T08:43:42","slug":"manana-leccion-inaugural-del-master-en-finanzas-y-banca-por-alvaro-nieto-ramos","status":"publish","type":"post","link":"https:\/\/www.upo.es\/diario\/institucional\/2014\/11\/manana-leccion-inaugural-del-master-en-finanzas-y-banca-por-alvaro-nieto-ramos\/","title":{"rendered":"Hoy, lecci\u00f3n inaugural del M\u00e1ster en Finanzas y Banca por \u00c1lvaro Nieto-Ramos"},"content":{"rendered":"<p>Hoy <strong>a las 16.30 horas, en la sala de grados de la Biblioteca<\/strong> de la Universidad Pablo de Olavide, tendr\u00e1 lugar la lecci\u00f3n inaugural del M\u00e1ster Universitario en Finanzas y Banca, que ser\u00e1 impartida por \u00c1lvaro Nieto-Ramos, director de Gesti\u00f3n Patrimonial del grupo bancario suizo Mirabaud, <strong>con la conferencia \u201cCoyuntura actual y perspectivas de la Gesti\u00f3n de Patrimonios en Espa\u00f1a\u201d<\/strong>.<\/p>\n<p>El acto estar\u00e1 presidido por el director del m\u00e1ster, Enrique Jim\u00e9nez, y el coordinador, Jos\u00e9 Manuel Feria Dom\u00ednguez.<\/p>\n<p>El M\u00e1ster Universitario en Finanzas y Banca est\u00e1 concebido para que los postgraduados adquieran las competencias y conocimientos necesarios para acceder o desarrollar empleos relacionados con la direcci\u00f3n financiera en cualquier tipo de organizaci\u00f3n. Si bien, presta especial atenci\u00f3n a los aspectos relacionados con la correcta gesti\u00f3n de las entidades de cr\u00e9dito, sector que ha sufrido una profunda transformaci\u00f3n en estos \u00faltimos a\u00f1os.<\/p>\n","protected":false},"excerpt":{"rendered":"<p>Hoy a las 16.30 horas, en la sala de grados de la Biblioteca de la Universidad Pablo de Olavide, tendr\u00e1 lugar la lecci\u00f3n inaugural del M\u00e1ster Universitario en Finanzas y Banca, que ser\u00e1 impartida por \u00c1lvaro Nieto-Ramos, director de Gesti\u00f3n Patrimonial del grupo bancario suizo Mirabaud, con la conferencia \u201cCoyuntura actual y perspectivas de la Gesti\u00f3n de Patrimonios en Espa\u00f1a\u201d.<\/p>\n","protected":false},"author":8,"featured_media":0,"comment_status":"closed","ping_status":"open","sticky":false,"template":"","format":"standard","meta":{"_monsterinsights_skip_tracking":false,"_monsterinsights_sitenote_active":false,"_monsterinsights_sitenote_note":"","_monsterinsights_sitenote_category":0,"footnotes":""},"categories":[6],"tags":[349,118,1269,82],"class_list":["post-6556771","post","type-post","status-publish","format-standard","hentry","category-institucional","tag-inauguracion","tag-master","tag-master-en-finanzas-y-banca","tag-postgrado"],"_links":{"self":[{"href":"https:\/\/www.upo.es\/diario\/wp-json\/wp\/v2\/posts\/6556771","targetHints":{"allow":["GET"]}}],"collection":[{"href":"https:\/\/www.upo.es\/diario\/wp-json\/wp\/v2\/posts"}],"about":[{"href":"https:\/\/www.upo.es\/diario\/wp-json\/wp\/v2\/types\/post"}],"author":[{"embeddable":true,"href":"https:\/\/www.upo.es\/diario\/wp-json\/wp\/v2\/users\/8"}],"replies":[{"embeddable":true,"href":"https:\/\/www.upo.es\/diario\/wp-json\/wp\/v2\/comments?post=6556771"}],"version-history":[{"count":5,"href":"https:\/\/www.upo.es\/diario\/wp-json\/wp\/v2\/posts\/6556771\/revisions"}],"predecessor-version":[{"id":6571018,"href":"https:\/\/www.upo.es\/diario\/wp-json\/wp\/v2\/posts\/6556771\/revisions\/6571018"}],"wp:attachment":[{"href":"https:\/\/www.upo.es\/diario\/wp-json\/wp\/v2\/media?parent=6556771"}],"wp:term":[{"taxonomy":"category","embeddable":true,"href":"https:\/\/www.upo.es\/diario\/wp-json\/wp\/v2\/categories?post=6556771"},{"taxonomy":"post_tag","embeddable":true,"href":"https:\/\/www.upo.es\/diario\/wp-json\/wp\/v2\/tags?post=6556771"}],"curies":[{"name":"wp","href":"https:\/\/api.w.org\/{rel}","templated":true}]}}