{"id":6590947,"date":"2014-11-06T00:15:35","date_gmt":"2014-11-06T00:15:35","guid":{"rendered":"https:\/\/www.upo.es\/diario\/?p=6590947"},"modified":"2014-11-06T12:31:36","modified_gmt":"2014-11-06T12:31:36","slug":"manana-seminario-sobre-la-actividad-astrocitaria-de-la-doctora-gertrudis-perea","status":"publish","type":"post","link":"https:\/\/www.upo.es\/diario\/ciencia\/2014\/11\/manana-seminario-sobre-la-actividad-astrocitaria-de-la-doctora-gertrudis-perea\/","title":{"rendered":"Ma\u00f1ana, seminario sobre la actividad astrocitaria de la doctora Gertrudis Perea"},"content":{"rendered":"<figure id=\"attachment_6590953\" aria-describedby=\"caption-attachment-6590953\" style=\"width: 288px\" class=\"wp-caption alignright\"><a href=\"https:\/\/www.upo.es\/diario\/wp-content\/uploads\/2014\/11\/astrocitos.jpg\"><img loading=\"lazy\" decoding=\"async\" class=\" wp-image-6590953 \" alt=\"Micrograf\u00eda de astrocitos. Fuente: NANCY KEDERSHA \/ SCIENCE PHOTO LIBRARY \/ Universal Images Group\" src=\"https:\/\/www.upo.es\/diario\/wp-content\/uploads\/2014\/11\/astrocitos-320x254.jpg\" width=\"288\" height=\"229\" srcset=\"https:\/\/www.upo.es\/diario\/wp-content\/uploads\/2014\/11\/astrocitos-320x254.jpg 320w, https:\/\/www.upo.es\/diario\/wp-content\/uploads\/2014\/11\/astrocitos-600x477.jpg 600w, https:\/\/www.upo.es\/diario\/wp-content\/uploads\/2014\/11\/astrocitos.jpg 800w\" sizes=\"auto, (max-width: 288px) 100vw, 288px\" \/><\/a><figcaption id=\"caption-attachment-6590953\" class=\"wp-caption-text\">Micrograf\u00eda de astrocitos. Fuente: NANCY KEDERSHA \/ SCIENCE PHOTO LIBRARY \/ Universal Images Group<\/figcaption><\/figure>\n<p>Ma\u00f1ana viernes, 7 de noviembre, a las 12:30 horas, en la sala de grados del edificio 6 de la Universidad Pablo de Olavide, tendr\u00e1 lugar el seminario \u201cLa actividad astrocitaria modula las caracter\u00edsticas de la respuesta visual en neuronas corticales\u201d, que ser\u00e1 impartido por la doctora Gertrudis Perea, del Instituto Cajal del Consejo Superior de Investigaciones Cient\u00edficas (CSIC) en Madrid.<\/p>\n<p>Este seminario se enmarca dentro del V Ciclo de Seminarios y Conferencias en Neurociencia que organiza el Laboratorio de Neurociencia Celular y Plasticidad del Departamento de Fisiolog\u00eda, Anatom\u00eda y Biolog\u00eda Celular de la UPO. La entrada es libre hasta completar aforo.<\/p>\n","protected":false},"excerpt":{"rendered":"<p>Ma\u00f1ana viernes, 7 de noviembre, a las 12:30 horas, en la sala de grados del edificio 6 de la Universidad Pablo de Olavide, tendr\u00e1 lugar el seminario \u201cLa actividad astrocitaria modula las caracter\u00edsticas de la respuesta visual en neuronas corticales\u201d, que ser\u00e1 impartido por la doctora Gertrudis Perea, del Instituto Cajal del Consejo Superior de Investigaciones Cient\u00edficas (CSIC) en Madrid.<\/p>\n","protected":false},"author":8,"featured_media":0,"comment_status":"closed","ping_status":"open","sticky":false,"template":"","format":"standard","meta":{"_monsterinsights_skip_tracking":false,"_monsterinsights_sitenote_active":false,"_monsterinsights_sitenote_note":"","_monsterinsights_sitenote_category":0,"footnotes":""},"categories":[3],"tags":[834,1988,1562,114,1006,78,1561],"class_list":["post-6590947","post","type-post","status-publish","format-standard","hentry","category-ciencia","tag-corteza-cerebral","tag-departamento-de-fisiologia","tag-laboratorio-de-neurociencia-celular-y-plasticidad","tag-neurociencia","tag-neuronales","tag-seminario","tag-v-ciclo-de-seminarios-y-conferencias-en-neurociencia"],"_links":{"self":[{"href":"https:\/\/www.upo.es\/diario\/wp-json\/wp\/v2\/posts\/6590947","targetHints":{"allow":["GET"]}}],"collection":[{"href":"https:\/\/www.upo.es\/diario\/wp-json\/wp\/v2\/posts"}],"about":[{"href":"https:\/\/www.upo.es\/diario\/wp-json\/wp\/v2\/types\/post"}],"author":[{"embeddable":true,"href":"https:\/\/www.upo.es\/diario\/wp-json\/wp\/v2\/users\/8"}],"replies":[{"embeddable":true,"href":"https:\/\/www.upo.es\/diario\/wp-json\/wp\/v2\/comments?post=6590947"}],"version-history":[{"count":4,"href":"https:\/\/www.upo.es\/diario\/wp-json\/wp\/v2\/posts\/6590947\/revisions"}],"predecessor-version":[{"id":6590961,"href":"https:\/\/www.upo.es\/diario\/wp-json\/wp\/v2\/posts\/6590947\/revisions\/6590961"}],"wp:attachment":[{"href":"https:\/\/www.upo.es\/diario\/wp-json\/wp\/v2\/media?parent=6590947"}],"wp:term":[{"taxonomy":"category","embeddable":true,"href":"https:\/\/www.upo.es\/diario\/wp-json\/wp\/v2\/categories?post=6590947"},{"taxonomy":"post_tag","embeddable":true,"href":"https:\/\/www.upo.es\/diario\/wp-json\/wp\/v2\/tags?post=6590947"}],"curies":[{"name":"wp","href":"https:\/\/api.w.org\/{rel}","templated":true}]}}