{"id":6609411,"date":"2014-11-10T01:41:34","date_gmt":"2014-11-10T01:41:34","guid":{"rendered":"https:\/\/www.upo.es\/diario\/?p=6609411"},"modified":"2014-11-10T08:38:28","modified_gmt":"2014-11-10T08:38:28","slug":"el-proximo-lunes-comienza-la-gran-recogida-de-alimentos-2014-en-la-universidad-pablo-de-olavide","status":"publish","type":"post","link":"https:\/\/www.upo.es\/diario\/institucional\/2014\/11\/el-proximo-lunes-comienza-la-gran-recogida-de-alimentos-2014-en-la-universidad-pablo-de-olavide\/","title":{"rendered":"Comienza la Gran Recogida de Alimentos 2014 en la Universidad Pablo de Olavide"},"content":{"rendered":"<p><a href=\"https:\/\/www.upo.es\/diario\/wp-content\/uploads\/2014\/11\/gran_recogida_alimentos_2014.jpg\"><img loading=\"lazy\" decoding=\"async\" class=\"alignright size-medium wp-image-6609412\" alt=\"gran_recogida_alimentos_2014\" src=\"https:\/\/www.upo.es\/diario\/wp-content\/uploads\/2014\/11\/gran_recogida_alimentos_2014-320x144.jpg\" width=\"320\" height=\"144\" srcset=\"https:\/\/www.upo.es\/diario\/wp-content\/uploads\/2014\/11\/gran_recogida_alimentos_2014-320x144.jpg 320w, https:\/\/www.upo.es\/diario\/wp-content\/uploads\/2014\/11\/gran_recogida_alimentos_2014-600x270.jpg 600w, https:\/\/www.upo.es\/diario\/wp-content\/uploads\/2014\/11\/gran_recogida_alimentos_2014.jpg 662w\" sizes=\"auto, (max-width: 320px) 100vw, 320px\" \/><\/a>Hoy lunes 10 de noviembre comienza la habitual <strong>campa\u00f1a de recogida de alimentos en la Universidad Pablo de Olavide<\/strong>, que como cada a\u00f1o organiza la <strong>Oficina de Voluntariado y Solidaridad<\/strong> perteneciente al Vicerrectorado de Estudiantes, Cultura y Compromiso Social, en colaboraci\u00f3n con la <a href=\"http:\/\/www.bancodealimentosdesevilla.org\/portal\/\">Fundaci\u00f3n Banco de Alimentos de Sevilla<\/a>.<\/p>\n<p>El objetivo de esta campa\u00f1a es dar respuesta a las urgencias alimentarias de las personas m\u00e1s necesitadas de la provincia de Sevilla,<strong> en el marco de la Gran Recogida de Alimentos 2014<\/strong>, que tendr\u00e1 lugar los d\u00edas 28 y 29 de noviembre, en centros comerciales, hipermercados y supermercados colaboradores.<\/p>\n<p>Alimentos infantiles, legumbres, conservas, aceite y leche son los bienes m\u00e1s prioritarios de esta campa\u00f1a. <strong>Se pueden depositar en la Unidad de Cultura y Participaci\u00f3n Social, en la planta s\u00f3tano del edificio Celestino Mutis de la Universidad Pablo de Olavide, en horario de 9 a 15 horas y hasta el d\u00eda 28 de noviembre<\/strong>.<\/p>\n","protected":false},"excerpt":{"rendered":"<p>Hoy lunes 10 de noviembre comienza la habitual campa\u00f1a de recogida de alimentos en la Universidad Pablo de Olavide, que como cada a\u00f1o organiza la Oficina de Voluntariado y Solidaridad perteneciente al Vicerrectorado de Estudiantes, Cultura y Compromiso Social, en colaboraci\u00f3n con la Fundaci\u00f3n Banco de Alimentos de Sevilla.<\/p>\n","protected":false},"author":8,"featured_media":0,"comment_status":"closed","ping_status":"open","sticky":false,"template":"","format":"standard","meta":{"_monsterinsights_skip_tracking":false,"_monsterinsights_sitenote_active":false,"_monsterinsights_sitenote_note":"","_monsterinsights_sitenote_category":0,"footnotes":""},"categories":[6],"tags":[2010,419,1168,1024],"class_list":["post-6609411","post","type-post","status-publish","format-standard","hentry","category-institucional","tag-alimentos","tag-campana","tag-oficina-de-voluntariado-y-solidaridad","tag-solidaridad"],"_links":{"self":[{"href":"https:\/\/www.upo.es\/diario\/wp-json\/wp\/v2\/posts\/6609411","targetHints":{"allow":["GET"]}}],"collection":[{"href":"https:\/\/www.upo.es\/diario\/wp-json\/wp\/v2\/posts"}],"about":[{"href":"https:\/\/www.upo.es\/diario\/wp-json\/wp\/v2\/types\/post"}],"author":[{"embeddable":true,"href":"https:\/\/www.upo.es\/diario\/wp-json\/wp\/v2\/users\/8"}],"replies":[{"embeddable":true,"href":"https:\/\/www.upo.es\/diario\/wp-json\/wp\/v2\/comments?post=6609411"}],"version-history":[{"count":5,"href":"https:\/\/www.upo.es\/diario\/wp-json\/wp\/v2\/posts\/6609411\/revisions"}],"predecessor-version":[{"id":6658609,"href":"https:\/\/www.upo.es\/diario\/wp-json\/wp\/v2\/posts\/6609411\/revisions\/6658609"}],"wp:attachment":[{"href":"https:\/\/www.upo.es\/diario\/wp-json\/wp\/v2\/media?parent=6609411"}],"wp:term":[{"taxonomy":"category","embeddable":true,"href":"https:\/\/www.upo.es\/diario\/wp-json\/wp\/v2\/categories?post=6609411"},{"taxonomy":"post_tag","embeddable":true,"href":"https:\/\/www.upo.es\/diario\/wp-json\/wp\/v2\/tags?post=6609411"}],"curies":[{"name":"wp","href":"https:\/\/api.w.org\/{rel}","templated":true}]}}