{"id":66509,"date":"2012-12-21T06:09:16","date_gmt":"2012-12-21T06:09:16","guid":{"rendered":"https:\/\/www.upo.es\/diario\/?p=66509"},"modified":"2012-12-21T13:10:01","modified_gmt":"2012-12-21T13:10:01","slug":"el-profesor-rodriguez-benot-designado-asesor-de-la-ce-en-materia-de-derecho-internacional-privado","status":"publish","type":"post","link":"https:\/\/www.upo.es\/diario\/institucional\/2012\/12\/el-profesor-rodriguez-benot-designado-asesor-de-la-ce-en-materia-de-derecho-internacional-privado\/","title":{"rendered":"El profesor Rodr\u00edguez Benot, designado asesor de la CE en materia de Derecho Internacional Privado"},"content":{"rendered":"<figure id=\"attachment_66510\" aria-describedby=\"caption-attachment-66510\" style=\"width: 300px\" class=\"wp-caption alignright\"><a href=\"https:\/\/www.upo.es\/diario\/wp-content\/uploads\/2012\/12\/rbenot.jpg\"><img loading=\"lazy\" decoding=\"async\" class=\"size-medium wp-image-66510\" alt=\"Andr\u00e9s Rodr\u00edguez Benot\" src=\"https:\/\/www.upo.es\/diario\/wp-content\/uploads\/2012\/12\/rbenot-300x200.jpg\" width=\"300\" height=\"200\" srcset=\"https:\/\/www.upo.es\/diario\/wp-content\/uploads\/2012\/12\/rbenot-300x200.jpg 300w, https:\/\/www.upo.es\/diario\/wp-content\/uploads\/2012\/12\/rbenot-1024x682.jpg 1024w, https:\/\/www.upo.es\/diario\/wp-content\/uploads\/2012\/12\/rbenot-600x400.jpg 600w\" sizes=\"auto, (max-width: 300px) 100vw, 300px\" \/><\/a><figcaption id=\"caption-attachment-66510\" class=\"wp-caption-text\">Andr\u00e9s Rodr\u00edguez Benot, catedr\u00e1tico de la Universidad Pablo de Olavide<\/figcaption><\/figure>\n<p>La Direcci\u00f3n General de Justicia de la Comisi\u00f3n Europea en Bruselas ha designado a Andr\u00e9s Rodr\u00edguez Benot, catedr\u00e1tico de la Universidad Pablo de Olavide, asesor en materia de Derecho Internacional Privado. El profesor Rodr\u00edguez Benot intervendr\u00e1 en calidad de experto, entre otros \u00e1mbitos, en la evaluaci\u00f3n de convocatorias p\u00fablicas, en el dise\u00f1o y seguimiento de programas de actuaci\u00f3n, en la impartici\u00f3n de seminarios especializados en la materia para altos funcionarios o en el an\u00e1lisis de buenas pr\u00e1cticas por parte de las autoridades de los Estados miembros, todo ello en el \u00e1mbito de la cooperaci\u00f3n judicial transfronteriza en Derecho Privado en el seno de la Uni\u00f3n Europea.<\/p>\n<p>El jurista sevillano es tambi\u00e9n, entre otros m\u00e9ritos, representante de Espa\u00f1a en el Comit\u00e9 de Derecho Civil del Consejo de la Uni\u00f3n Europea, miembro de la Academia Internacional de Derecho Comparado, integrante de la International Society of International Law y miembro cofundador del Foro Espa\u00f1ol de Derecho Internacional Privado. En la actualidad es decano de la Facultad de Derecho de la Universidad Pablo de Olavide, de Sevilla.<\/p>\n<p>&nbsp;<\/p>\n","protected":false},"excerpt":{"rendered":"<p>La Direcci\u00f3n General de Justicia de la Comisi\u00f3n Europea en Bruselas ha designado a Andr\u00e9s Rodr\u00edguez Benot, catedr\u00e1tico de la Universidad Pablo de Olavide, asesor en materia de Derecho Internacional Privado. El profesor Rodr\u00edguez Benot intervendr\u00e1 en calidad de experto, entre otros \u00e1mbitos, en la evaluaci\u00f3n de convocatorias p\u00fablicas, en el dise\u00f1o y seguimiento de programas de actuaci\u00f3n, en la impartici\u00f3n de seminarios especializados en la materia para altos funcionarios o en el an\u00e1lisis de buenas pr\u00e1cticas por parte de las autoridades de los Estados miembros, todo ello en el \u00e1mbito de la cooperaci\u00f3n judicial transfronteriza en Derecho Privado en el seno de la Uni\u00f3n Europea.<\/p>\n","protected":false},"author":1,"featured_media":0,"comment_status":"closed","ping_status":"open","sticky":false,"template":"","format":"standard","meta":{"_monsterinsights_skip_tracking":false,"_monsterinsights_sitenote_active":false,"_monsterinsights_sitenote_note":"","_monsterinsights_sitenote_category":0,"footnotes":""},"categories":[6],"tags":[87,68],"class_list":["post-66509","post","type-post","status-publish","format-standard","hentry","category-institucional","tag-derecho","tag-union-europea"],"_links":{"self":[{"href":"https:\/\/www.upo.es\/diario\/wp-json\/wp\/v2\/posts\/66509","targetHints":{"allow":["GET"]}}],"collection":[{"href":"https:\/\/www.upo.es\/diario\/wp-json\/wp\/v2\/posts"}],"about":[{"href":"https:\/\/www.upo.es\/diario\/wp-json\/wp\/v2\/types\/post"}],"author":[{"embeddable":true,"href":"https:\/\/www.upo.es\/diario\/wp-json\/wp\/v2\/users\/1"}],"replies":[{"embeddable":true,"href":"https:\/\/www.upo.es\/diario\/wp-json\/wp\/v2\/comments?post=66509"}],"version-history":[{"count":2,"href":"https:\/\/www.upo.es\/diario\/wp-json\/wp\/v2\/posts\/66509\/revisions"}],"predecessor-version":[{"id":66512,"href":"https:\/\/www.upo.es\/diario\/wp-json\/wp\/v2\/posts\/66509\/revisions\/66512"}],"wp:attachment":[{"href":"https:\/\/www.upo.es\/diario\/wp-json\/wp\/v2\/media?parent=66509"}],"wp:term":[{"taxonomy":"category","embeddable":true,"href":"https:\/\/www.upo.es\/diario\/wp-json\/wp\/v2\/categories?post=66509"},{"taxonomy":"post_tag","embeddable":true,"href":"https:\/\/www.upo.es\/diario\/wp-json\/wp\/v2\/tags?post=66509"}],"curies":[{"name":"wp","href":"https:\/\/api.w.org\/{rel}","templated":true}]}}