{"id":6662200,"date":"2014-11-10T00:01:55","date_gmt":"2014-11-10T00:01:55","guid":{"rendered":"https:\/\/www.upo.es\/diario\/?p=6662200"},"modified":"2014-11-12T08:35:47","modified_gmt":"2014-11-12T08:35:47","slug":"manana-se-celebran-las-iv-jornadas-sobre-gestion-de-la-calidad-y-el-medio-ambiente-en-la-empresa-andaluza","status":"publish","type":"post","link":"https:\/\/www.upo.es\/diario\/institucional\/2014\/11\/manana-se-celebran-las-iv-jornadas-sobre-gestion-de-la-calidad-y-el-medio-ambiente-en-la-empresa-andaluza\/","title":{"rendered":"Ma\u00f1ana se celebran las IV Jornadas sobre Gesti\u00f3n de la Calidad y el Medio Ambiente en la Empresa Andaluza"},"content":{"rendered":"<p><span style=\"text-decoration: underline;\">Ma\u00f1ana, a las 16,00 horas se inaugura en el sal\u00f3n de grados del edificio 6 de la Universidad Pablo de Olavide<\/span>, la cuarta edici\u00f3n de las Jornadas sobre Gesti\u00f3n de la Calidad y el Medio Ambiente en la Empresa Andaluza, puestas en marcha a trav\u00e9s del \u00c1rea de Formaci\u00f3n Permanente de la UPO y que se enmarcan dentro de las actividades promovidas por el M\u00e1ster en Sistemas Integrados de Gesti\u00f3n: Calidad y Medio Ambiente.<\/p>\n<p>La vicerrectora de TIC, Calidad e Innovaci\u00f3n de la UPO, Alicia Troncoso Lora, ser\u00e1 la encargada de inaugurar estas jornadas que se estructuran en torno a tres ponencias en las que se abordar\u00e1n los retos y oportunidades de la gesti\u00f3n de la calidad y el medio ambiente desde varias perspectivas, y que ser\u00e1n impartidas por profesionales de diferentes empresas y entidades.<\/p>\n<p>La primera sesi\u00f3n, que tendr\u00e1 lugar a las 16,10 horas, ser\u00e1 impartida por el vicerrector de Planificaci\u00f3n y Calidad de la Universidad Internacional de Andaluc\u00eda, Julio Terrados Cepeda, bajo el t\u00edtulo \u201cEstrategia, calidad y responsabilidad social en la UNIA\u201d. A continuaci\u00f3n, se celebrar\u00e1 la ponencia \u201cEvoluci\u00f3n de los sistemas de gesti\u00f3n normalizados\u201d que correr\u00e1 a cargo de Jaime E. del Palacio P\u00e9rez, socio director en Ingenier\u00eda de Gesti\u00f3n Sinergy.<\/p>\n<p>En tercer lugar, a las 17,10 horas, ser\u00e1 el turno de Juan Mart\u00edn Moreno, QHSEC Managemente System Manager de Cobre las Cruces, quien hablar\u00e1 sobre \u201cSistemas de gesti\u00f3n y mejora continua en el sector minero\u201d.<\/p>\n<p>Adem\u00e1s, tras la celebraci\u00f3n de las jornadas se clausurar\u00e1 oficialmente la quinta edici\u00f3n del M\u00e1ster en Sistemas Integrados de Gesti\u00f3n: Calidad y Medio Ambiente, celebrado en el curso 2013\/2014.<\/p>\n","protected":false},"excerpt":{"rendered":"<p>Ma\u00f1ana, a las 16,00 horas se inaugura en el sal\u00f3n de grados del edificio 6 de la Universidad Pablo de Olavide, la cuarta edici\u00f3n de las Jornadas sobre Gesti\u00f3n de la Calidad y el Medio Ambiente en la Empresa Andaluza, puestas en marcha a trav\u00e9s del \u00c1rea de Formaci\u00f3n Permanente de la UPO y que se enmarcan dentro de las actividades promovidas por el M\u00e1ster en Sistemas Integrados de Gesti\u00f3n: Calidad y Medio Ambiente.<\/p>\n","protected":false},"author":9,"featured_media":0,"comment_status":"closed","ping_status":"open","sticky":false,"template":"","format":"standard","meta":{"_monsterinsights_skip_tracking":false,"_monsterinsights_sitenote_active":false,"_monsterinsights_sitenote_note":"","_monsterinsights_sitenote_category":0,"footnotes":""},"categories":[6],"tags":[2012,84,118,82,1657],"class_list":["post-6662200","post","type-post","status-publish","format-standard","hentry","category-institucional","tag-calidad-y-medio-ambiente","tag-jornadas","tag-master","tag-postgrado","tag-universidad-pablo-de-olavide"],"_links":{"self":[{"href":"https:\/\/www.upo.es\/diario\/wp-json\/wp\/v2\/posts\/6662200","targetHints":{"allow":["GET"]}}],"collection":[{"href":"https:\/\/www.upo.es\/diario\/wp-json\/wp\/v2\/posts"}],"about":[{"href":"https:\/\/www.upo.es\/diario\/wp-json\/wp\/v2\/types\/post"}],"author":[{"embeddable":true,"href":"https:\/\/www.upo.es\/diario\/wp-json\/wp\/v2\/users\/9"}],"replies":[{"embeddable":true,"href":"https:\/\/www.upo.es\/diario\/wp-json\/wp\/v2\/comments?post=6662200"}],"version-history":[{"count":6,"href":"https:\/\/www.upo.es\/diario\/wp-json\/wp\/v2\/posts\/6662200\/revisions"}],"predecessor-version":[{"id":6693796,"href":"https:\/\/www.upo.es\/diario\/wp-json\/wp\/v2\/posts\/6662200\/revisions\/6693796"}],"wp:attachment":[{"href":"https:\/\/www.upo.es\/diario\/wp-json\/wp\/v2\/media?parent=6662200"}],"wp:term":[{"taxonomy":"category","embeddable":true,"href":"https:\/\/www.upo.es\/diario\/wp-json\/wp\/v2\/categories?post=6662200"},{"taxonomy":"post_tag","embeddable":true,"href":"https:\/\/www.upo.es\/diario\/wp-json\/wp\/v2\/tags?post=6662200"}],"curies":[{"name":"wp","href":"https:\/\/api.w.org\/{rel}","templated":true}]}}