{"id":6680057,"date":"2014-11-11T12:46:12","date_gmt":"2014-11-11T12:46:12","guid":{"rendered":"https:\/\/www.upo.es\/diario\/?p=6680057"},"modified":"2014-11-11T12:46:12","modified_gmt":"2014-11-11T12:46:12","slug":"los-estudiantes-elegiran-a-sus-representantes-en-los-departamentos-de-la-upo-el-10-de-diciembre","status":"publish","type":"post","link":"https:\/\/www.upo.es\/diario\/infoupo\/2014\/11\/los-estudiantes-elegiran-a-sus-representantes-en-los-departamentos-de-la-upo-el-10-de-diciembre\/","title":{"rendered":"Los estudiantes elegir\u00e1n a sus representantes en los Departamentos de la UPO el 10 de diciembre"},"content":{"rendered":"<p>Los estudiantes de la Universidad Pablo de Olavide eligen anualmente a sus representantes en los Consejos de Departamento. <strong>En estos \u00f3rganos colegiados tienen una representaci\u00f3n del 30 por ciento<\/strong>, si bien, hay que restar de este n\u00famero los representantes de las titulaciones en los que el departamento imparte docencia, que son elegidos por los delegados y delegadas de grupo de cada una de ellas. As\u00ed, el pasado 3 de noviembre fueron convocadas las elecciones para renovar la representaci\u00f3n de los estudiantes en los departamentos de la Universidad para el curso 2014-2015, que tendr\u00e1n lugar el mi\u00e9rcoles 10 de diciembre, de 12 a 18 horas en la sala multiusos del Rectorado.<\/p>\n<p>El <a href=\"https:\/\/www1.upo.es\/elecciones\/procesos-electorales\/consejos-departamento\/censo\/dni\/index.html\">censo provisional<\/a> ha sido publicado hoy martes d\u00eda 11 y puede ya consultarse en el sitio web dedicado a informar de los procesos electorales (www1.upo.es\/elecciones). El plazo para realizar posibles reclamaciones permanecer\u00e1 abierto hasta el pr\u00f3ximo viernes 14 de noviembre. Estas pueden realizarse tanto a trav\u00e9s del Registro General de la Universidad \u2013edificio Jos\u00e9 Celestino Mutis, planta baja\u2013, como de su <a href=\"https:\/\/upo.gob.es\/\">sede electr\u00f3nica<\/a>. Aquellos estudiantes que deseen presentar su candidatura a los Consejos de Departamento tienen de plazo del 18 al 21 de noviembre.<\/p>\n","protected":false},"excerpt":{"rendered":"<p>El censo provisional ha sido publicado hoy martes d\u00eda 11 y puede ya consultarse en el sitio web dedicado a informar de los procesos electorales (www1.upo.es\/elecciones). El plazo para realizar posibles reclamaciones permanecer\u00e1 abierto hasta el pr\u00f3ximo viernes 14 de noviembre. <\/p>\n","protected":false},"author":6,"featured_media":0,"comment_status":"closed","ping_status":"open","sticky":false,"template":"","format":"standard","meta":{"_monsterinsights_skip_tracking":false,"_monsterinsights_sitenote_active":false,"_monsterinsights_sitenote_note":"","_monsterinsights_sitenote_category":0,"footnotes":""},"categories":[5],"tags":[1233,488,69,21],"class_list":["post-6680057","post","type-post","status-publish","format-standard","hentry","category-infoupo","tag-curso-2014-2015","tag-departamento","tag-elecciones","tag-estudiantes"],"_links":{"self":[{"href":"https:\/\/www.upo.es\/diario\/wp-json\/wp\/v2\/posts\/6680057","targetHints":{"allow":["GET"]}}],"collection":[{"href":"https:\/\/www.upo.es\/diario\/wp-json\/wp\/v2\/posts"}],"about":[{"href":"https:\/\/www.upo.es\/diario\/wp-json\/wp\/v2\/types\/post"}],"author":[{"embeddable":true,"href":"https:\/\/www.upo.es\/diario\/wp-json\/wp\/v2\/users\/6"}],"replies":[{"embeddable":true,"href":"https:\/\/www.upo.es\/diario\/wp-json\/wp\/v2\/comments?post=6680057"}],"version-history":[{"count":1,"href":"https:\/\/www.upo.es\/diario\/wp-json\/wp\/v2\/posts\/6680057\/revisions"}],"predecessor-version":[{"id":6680058,"href":"https:\/\/www.upo.es\/diario\/wp-json\/wp\/v2\/posts\/6680057\/revisions\/6680058"}],"wp:attachment":[{"href":"https:\/\/www.upo.es\/diario\/wp-json\/wp\/v2\/media?parent=6680057"}],"wp:term":[{"taxonomy":"category","embeddable":true,"href":"https:\/\/www.upo.es\/diario\/wp-json\/wp\/v2\/categories?post=6680057"},{"taxonomy":"post_tag","embeddable":true,"href":"https:\/\/www.upo.es\/diario\/wp-json\/wp\/v2\/tags?post=6680057"}],"curies":[{"name":"wp","href":"https:\/\/api.w.org\/{rel}","templated":true}]}}