{"id":668968,"date":"2013-03-05T06:30:59","date_gmt":"2013-03-05T05:30:59","guid":{"rendered":"https:\/\/www.upo.es\/diario\/?p=668968"},"modified":"2013-03-05T16:19:53","modified_gmt":"2013-03-05T15:19:53","slug":"manana-se-celebra-un-homenaje-en-memoria-de-la-presidenta-del-consejo-social-de-la-upo-carmen-calleja-de-pablo","status":"publish","type":"post","link":"https:\/\/www.upo.es\/diario\/institucional\/2013\/03\/manana-se-celebra-un-homenaje-en-memoria-de-la-presidenta-del-consejo-social-de-la-upo-carmen-calleja-de-pablo\/","title":{"rendered":"Hoy se celebra un homenaje en memoria de la presidenta del Consejo Social de la UPO Carmen Calleja de Pablo"},"content":{"rendered":"<p>&nbsp;<\/p>\n<figure id=\"attachment_159095\" aria-describedby=\"caption-attachment-159095\" style=\"width: 249px\" class=\"wp-caption alignright\"><a href=\"https:\/\/www.upo.es\/diario\/wp-content\/uploads\/2013\/01\/ccalleja.jpg\"><img loading=\"lazy\" decoding=\"async\" class=\"size-medium wp-image-159095\" alt=\"Carmen Calleja\" src=\"https:\/\/www.upo.es\/diario\/wp-content\/uploads\/2013\/01\/ccalleja-249x300.jpg\" width=\"249\" height=\"300\" srcset=\"https:\/\/www.upo.es\/diario\/wp-content\/uploads\/2013\/01\/ccalleja-249x300.jpg 249w, https:\/\/www.upo.es\/diario\/wp-content\/uploads\/2013\/01\/ccalleja.jpg 552w\" sizes=\"auto, (max-width: 249px) 100vw, 249px\" \/><\/a><figcaption id=\"caption-attachment-159095\" class=\"wp-caption-text\">Carmen Calleja<\/figcaption><\/figure>\n<p><span style=\"text-decoration: underline;\">Hoy martes 5 de marzo, a las 13.30 horas en el Paraninfo de la Universidad Pablo de Olavide<\/span>, se celebrar\u00e1 un acto para rendir homenaje en memoria de Carmen Calleja de Pablo, presidenta del Consejo de Social de la UPO desde junio de 2009 hasta diciembre de 2012.<\/p>\n<p>El acto estar\u00e1 presidido por el rector de la UPO, Vicente Guzm\u00e1n, junto con el secretario general de Universidades, Investigaci\u00f3n y Tecnolog\u00eda,\u00a0Francisco Triguero; la presidenta en funciones del Consejo Social de la UPO, Amparo Rubiales; \u00a0el presidente del Foro Andaluz de los Consejos Sociales, Gregorio Vicente Jim\u00e9nez,\u00a0y el primer presidente del Consejo Social de la UPO, Antonio Ojeda.<\/p>\n<p>Asimismo, al acto tambi\u00e9n asistir\u00e1n los presidentes y secretarios de los Consejos Sociales de las Universidades Andaluzas, as\u00ed como autoridades acad\u00e9micas, civiles y miembros de la comunidad universitaria.<\/p>\n<p><b>Carmen Calleja de Pablo<\/b>, licenciada en Derecho por la Universidad de Sevilla, fue presidenta del Consejo Social de la Universidad Pablo de Olavide desde junio 2009 hasta diciembre de 2012 y miembro\u00a0de su Fundaci\u00f3n Conocimiento y Cultura. Perteneci\u00f3 a diversos consejos de administraci\u00f3n y a la junta directiva de las asociaciones Clara Campoamor y\u00a0 de Ex Diputados y Ex Senadores. T\u00e9cnico urbanista por el Instituto Nacional de Administraci\u00f3n P\u00fablica, diplomada en Alta Direcci\u00f3n por el Instituto Internacional San Telmo \u00a0y diplomada en Altos Estudios de la Defensa, perteneci\u00f3 a la Comisi\u00f3n de Cultura de la Confederaci\u00f3n Andaluza de Empresa. Entre los puestos de responsabilidad que ha ejercido, fue gerente de la Empresa Municipal de Transportes Urbanos de Sevilla, viceconsejera de Gobernaci\u00f3n de la Junta de Andaluc\u00eda, viceconsejera de Presidencia de la Junta de Andaluc\u00eda, jefe de Gabinete del Presidente de la Junta de Andaluc\u00eda y directora general del Instituto Andaluz de la Funci\u00f3n P\u00fablica. Adem\u00e1s, Carmen Calleja fue presidenta de la Cruz Roja de Sevilla, gobernadora civil de Ja\u00e9n, diputada en el Congreso y presidenta de la Secci\u00f3n de Asuntos Pol\u00edticos del Ateneo de Sevilla.<\/p>\n","protected":false},"excerpt":{"rendered":"<p>Hoy martes 5 de marzo, a las 13.30 horas en el Paraninfo de la Universidad Pablo de Olavide, se celebrar\u00e1 un acto para rendir homenaje en memoria de Carmen Calleja de Pablo, presidenta del Consejo de Social de la UPO desde junio de 2009 hasta diciembre de 2012.<\/p>\n","protected":false},"author":4,"featured_media":0,"comment_status":"closed","ping_status":"open","sticky":false,"template":"","format":"standard","meta":{"_monsterinsights_skip_tracking":false,"_monsterinsights_sitenote_active":false,"_monsterinsights_sitenote_note":"","_monsterinsights_sitenote_category":0,"footnotes":""},"categories":[6],"tags":[309,308],"class_list":["post-668968","post","type-post","status-publish","format-standard","hentry","category-institucional","tag-carmen-calleja","tag-homenaje"],"_links":{"self":[{"href":"https:\/\/www.upo.es\/diario\/wp-json\/wp\/v2\/posts\/668968","targetHints":{"allow":["GET"]}}],"collection":[{"href":"https:\/\/www.upo.es\/diario\/wp-json\/wp\/v2\/posts"}],"about":[{"href":"https:\/\/www.upo.es\/diario\/wp-json\/wp\/v2\/types\/post"}],"author":[{"embeddable":true,"href":"https:\/\/www.upo.es\/diario\/wp-json\/wp\/v2\/users\/4"}],"replies":[{"embeddable":true,"href":"https:\/\/www.upo.es\/diario\/wp-json\/wp\/v2\/comments?post=668968"}],"version-history":[{"count":12,"href":"https:\/\/www.upo.es\/diario\/wp-json\/wp\/v2\/posts\/668968\/revisions"}],"predecessor-version":[{"id":676515,"href":"https:\/\/www.upo.es\/diario\/wp-json\/wp\/v2\/posts\/668968\/revisions\/676515"}],"wp:attachment":[{"href":"https:\/\/www.upo.es\/diario\/wp-json\/wp\/v2\/media?parent=668968"}],"wp:term":[{"taxonomy":"category","embeddable":true,"href":"https:\/\/www.upo.es\/diario\/wp-json\/wp\/v2\/categories?post=668968"},{"taxonomy":"post_tag","embeddable":true,"href":"https:\/\/www.upo.es\/diario\/wp-json\/wp\/v2\/tags?post=668968"}],"curies":[{"name":"wp","href":"https:\/\/api.w.org\/{rel}","templated":true}]}}