{"id":6696705,"date":"2014-11-13T02:59:30","date_gmt":"2014-11-13T02:59:30","guid":{"rendered":"https:\/\/www.upo.es\/diario\/?p=6696705"},"modified":"2014-11-13T08:54:33","modified_gmt":"2014-11-13T08:54:33","slug":"manana-comienza-el-foro-de-debate-cooperacion-inmigracion-y-codesarrollo-balance-y-propuestas","status":"publish","type":"post","link":"https:\/\/www.upo.es\/diario\/institucional\/2014\/11\/manana-comienza-el-foro-de-debate-cooperacion-inmigracion-y-codesarrollo-balance-y-propuestas\/","title":{"rendered":"Hoy comienza el foro de debate \u2018Cooperaci\u00f3n, inmigraci\u00f3n y codesarrollo: balance y propuestas\u2019"},"content":{"rendered":"<p><a href=\"https:\/\/www.upo.es\/diario\/wp-content\/uploads\/2014\/11\/triptico-definitivo-solidaridad.png\"><img loading=\"lazy\" decoding=\"async\" class=\"alignright size-medium wp-image-6696707\" alt=\"triptico-definitivo-solidaridad\" src=\"https:\/\/www.upo.es\/diario\/wp-content\/uploads\/2014\/11\/triptico-definitivo-solidaridad-157x320.png\" width=\"157\" height=\"320\" srcset=\"https:\/\/www.upo.es\/diario\/wp-content\/uploads\/2014\/11\/triptico-definitivo-solidaridad-157x320.png 157w, https:\/\/www.upo.es\/diario\/wp-content\/uploads\/2014\/11\/triptico-definitivo-solidaridad-295x600.png 295w, https:\/\/www.upo.es\/diario\/wp-content\/uploads\/2014\/11\/triptico-definitivo-solidaridad-600x1219.png 600w, https:\/\/www.upo.es\/diario\/wp-content\/uploads\/2014\/11\/triptico-definitivo-solidaridad.png 1131w\" sizes=\"auto, (max-width: 157px) 100vw, 157px\" \/><\/a>Hoy comienza el seminario<strong> \u201cSolidaridad en tiempos de crisis. Cooperaci\u00f3n, inmigraci\u00f3n y codesarrollo: Balance y propuestas\u201d<\/strong>, organizado por la Agencia Andaluza de Cooperaci\u00f3n Internacional al Desarrollo, la Universidad Internacional de Andaluc\u00eda, el Institut d\u2019\u00c9tudes et de Recherche Europe-M\u00e9diterran\u00e9e &#8211; Club Unesco y el Centro Mediterr\u00e1neo Andalus\u00ed de la Universidad Pablo de Olavide.<\/p>\n<p><strong>Ma\u00f1ana viernes, en la sede de la Fundaci\u00f3n Cajasol, tendr\u00e1 lugar la inauguraci\u00f3n de este foro de debate, que estar\u00e1 presidida por Susana D\u00edaz<\/strong>, presidenta de la Junta de Andaluc\u00eda; Vicente Guzm\u00e1n, rector de la Universidad Pablo de Olavide; Eugenio Dom\u00ednguez, rector de la UNIA; Antonio Pulido, presidente de la Fundaci\u00f3n Cajasol, y Sami Na\u00efr, director del Centro Mediterr\u00e1neo Andalus\u00ed. El acto de inauguraci\u00f3n estar\u00e1 moderado por la periodista Angels Barcel\u00f3.<\/p>\n<p>En el contexto de las pol\u00edticas de cooperaci\u00f3n al desarrollo, el seminario abordar\u00e1 c\u00f3mo interviene la cooperaci\u00f3n espa\u00f1ola y, particularmente, la andaluza, cu\u00e1les son sus orientaciones y principios estrat\u00e9gicos, \u00a0as\u00ed como los compromisos pol\u00edticos de Andaluc\u00eda en materia de cooperaci\u00f3n al desarrollo en el \u00e1mbito geogr\u00e1fico del Mediterr\u00e1neo, en el \u00c1frica Subsahariana y en Am\u00e9rica Latina. Y todo ello, considerando el persistente escenario de moderaci\u00f3n presupuestaria en las ayudas destinadas a la cooperaci\u00f3n internacional al desarrollo.<\/p>\n<p>Del mismo modo, este foro de debate analizar\u00e1 y comparar\u00e1 la experiencia de las pol\u00edticas de cooperaci\u00f3n descentralizada en otros pa\u00edses, especialmente en Francia (por lo que se refiere al norte de \u00c1frica y \u00c1frica Subsahariana), con el fin de proponer herramientas para mejorar la ayuda al desarrollo sostenible y a la participaci\u00f3n democr\u00e1tica.<\/p>\n<p>Programa:<br \/>\n<a href=\"https:\/\/www1.upo.es\/cms1\/export\/sites\/upo\/cma\/descarga\/triptico-definitivo.pdf\">Seminario \u201cSolidaridad en tiempos de crisis. Cooperaci\u00f3n, inmigraci\u00f3n y codesarrollo: Balance y propuestas\u201d &#8211; Programa (PDF)<\/a><\/p>\n","protected":false},"excerpt":{"rendered":"<p>En el contexto de las pol\u00edticas de cooperaci\u00f3n al desarrollo, el seminario abordar\u00e1 c\u00f3mo interviene la cooperaci\u00f3n espa\u00f1ola y, particularmente, la andaluza, cu\u00e1les son sus orientaciones y principios estrat\u00e9gicos,  as\u00ed como los compromisos pol\u00edticos de Andaluc\u00eda en materia de cooperaci\u00f3n al desarrollo en el \u00e1mbito geogr\u00e1fico del Mediterr\u00e1neo, en el \u00c1frica Subsahariana y en Am\u00e9rica Latina.<\/p>\n","protected":false},"author":6,"featured_media":0,"comment_status":"closed","ping_status":"open","sticky":false,"template":"","format":"standard","meta":{"_monsterinsights_skip_tracking":false,"_monsterinsights_sitenote_active":false,"_monsterinsights_sitenote_note":"","_monsterinsights_sitenote_category":0,"footnotes":""},"categories":[6],"tags":[190,997,624,575,1436,953,203,170],"class_list":["post-6696705","post","type-post","status-publish","format-standard","hentry","category-institucional","tag-andalucia","tag-centro-mediterraneo-andalusi","tag-cooperacion","tag-desarrollo","tag-foro","tag-inmigracion","tag-junta-de-andalucia","tag-unia"],"_links":{"self":[{"href":"https:\/\/www.upo.es\/diario\/wp-json\/wp\/v2\/posts\/6696705","targetHints":{"allow":["GET"]}}],"collection":[{"href":"https:\/\/www.upo.es\/diario\/wp-json\/wp\/v2\/posts"}],"about":[{"href":"https:\/\/www.upo.es\/diario\/wp-json\/wp\/v2\/types\/post"}],"author":[{"embeddable":true,"href":"https:\/\/www.upo.es\/diario\/wp-json\/wp\/v2\/users\/6"}],"replies":[{"embeddable":true,"href":"https:\/\/www.upo.es\/diario\/wp-json\/wp\/v2\/comments?post=6696705"}],"version-history":[{"count":3,"href":"https:\/\/www.upo.es\/diario\/wp-json\/wp\/v2\/posts\/6696705\/revisions"}],"predecessor-version":[{"id":6711980,"href":"https:\/\/www.upo.es\/diario\/wp-json\/wp\/v2\/posts\/6696705\/revisions\/6711980"}],"wp:attachment":[{"href":"https:\/\/www.upo.es\/diario\/wp-json\/wp\/v2\/media?parent=6696705"}],"wp:term":[{"taxonomy":"category","embeddable":true,"href":"https:\/\/www.upo.es\/diario\/wp-json\/wp\/v2\/categories?post=6696705"},{"taxonomy":"post_tag","embeddable":true,"href":"https:\/\/www.upo.es\/diario\/wp-json\/wp\/v2\/tags?post=6696705"}],"curies":[{"name":"wp","href":"https:\/\/api.w.org\/{rel}","templated":true}]}}