{"id":6697452,"date":"2014-11-13T22:07:10","date_gmt":"2014-11-13T22:07:10","guid":{"rendered":"https:\/\/www.upo.es\/diario\/?p=6697452"},"modified":"2014-11-14T13:27:03","modified_gmt":"2014-11-14T13:27:03","slug":"manana-dia-de-la-lengua-italiana-en-el-festival-de-cine-europeo-de-sevilla-con-la-proyeccion-de-le-meraviglie","status":"publish","type":"post","link":"https:\/\/www.upo.es\/diario\/cultura\/2014\/11\/manana-dia-de-la-lengua-italiana-en-el-festival-de-cine-europeo-de-sevilla-con-la-proyeccion-de-le-meraviglie\/","title":{"rendered":"D\u00eda de la Lengua Italiana en el SEFF, con la proyecci\u00f3n de \u201cLe Meraviglie\u201d y encuentro con Alice Rohrwacher"},"content":{"rendered":"<figure id=\"attachment_673369\" aria-describedby=\"caption-attachment-673369\" style=\"width: 600px\" class=\"wp-caption aligncenter\"><a href=\"https:\/\/www.upo.es\/diario\/wp-content\/uploads\/2014\/11\/13112014-1MOT3977.jpg\"><img loading=\"lazy\" decoding=\"async\" class=\"size-large wp-image-6733692\" alt=\"13112014-1MOT3977\" src=\"https:\/\/www.upo.es\/diario\/wp-content\/uploads\/2014\/11\/13112014-1MOT3977-600x400.jpg\" width=\"600\" height=\"400\" srcset=\"https:\/\/www.upo.es\/diario\/wp-content\/uploads\/2014\/11\/13112014-1MOT3977-600x400.jpg 600w, https:\/\/www.upo.es\/diario\/wp-content\/uploads\/2014\/11\/13112014-1MOT3977-320x213.jpg 320w\" sizes=\"auto, (max-width: 600px) 100vw, 600px\" \/><\/a><figcaption id=\"caption-attachment-673369\" class=\"wp-caption-text\">Alice Rohrwacher<\/figcaption><\/figure>\n<p style=\"text-align: left;\">El D\u00eda\u00a0de la Lengua Italiana es una actividad\u00a0destinada a todas aquellas personas de la provincia de Sevilla vinculadas al estudio de la lengua y la cultura italianas. Este a\u00f1o ha consistido en en la <strong>proyecci\u00f3n en los cines Nervi\u00f3n Plaza de la pel\u00edcula \u201cLe Meraviglie\u201d, de Alice Rohrwacher, ganadora del Grand Prix del Festival de Cannes 2014<\/strong>, y que ha sido \u00a0presentada por la directora, acompa\u00f1ada por Marina Sciarretta, directora del <a href=\"http:\/\/www.centroculturalitaliano.com\/\">Centro Cultural Italiano de Sevilla<\/a>.<\/p>\n<p>Por la tarde, ya en la Universidad Pablo de Olavide, ha tenido\u00a0lugar un<strong> encuentro con la directora Alice Rohrwacher<\/strong>, quien fue presentada por el rector de la UPO Vicente Guzm\u00e1n Fluja.<\/p>\n<p><a href=\"https:\/\/www.upo.es\/diario\/wp-content\/uploads\/2014\/11\/italia_seff-1.jpg\"><img loading=\"lazy\" decoding=\"async\" class=\"alignright size-medium wp-image-6697453\" alt=\"italia_seff-1\" src=\"https:\/\/www.upo.es\/diario\/wp-content\/uploads\/2014\/11\/italia_seff-1-227x320.jpg\" width=\"227\" height=\"320\" srcset=\"https:\/\/www.upo.es\/diario\/wp-content\/uploads\/2014\/11\/italia_seff-1-227x320.jpg 227w, https:\/\/www.upo.es\/diario\/wp-content\/uploads\/2014\/11\/italia_seff-1-426x600.jpg 426w, https:\/\/www.upo.es\/diario\/wp-content\/uploads\/2014\/11\/italia_seff-1-600x844.jpg 600w, https:\/\/www.upo.es\/diario\/wp-content\/uploads\/2014\/11\/italia_seff-1.jpg 682w\" sizes=\"auto, (max-width: 227px) 100vw, 227px\" \/><\/a>El \u00c1rea de Filolog\u00eda Italiana de la Facultad de Humanidades de la Universidad Pablo de Olavide y el Centro Cultural Italiano de Sevilla han organizado la novena edici\u00f3n del\u00a0<b>D\u00eda de la Lengua Italiana<\/b>, una actividad paralela del\u00a0<a href=\"http:\/\/festivalcinesevilla.eu\/\">Sevilla Festival de Cine Europeo<\/a>, que este a\u00f1o celebra su und\u00e9cima edici\u00f3n y con el que la Universidad Pablo de Olavide tiene firmado, adem\u00e1s, un convenio de colaboraci\u00f3n por el que ocho estudiantes de la Facultad de Humanidades realizan labores de interpretaci\u00f3n durante el festival cinematogr\u00e1fico.<\/p>\n","protected":false},"excerpt":{"rendered":"<p>EEl D\u00eda de la Lengua Italiana es una actividad destinada a todas aquellas personas de la provincia de Sevilla vinculadas al estudio de la lengua y la cultura italianas. Este a\u00f1o ha consistido en en la proyecci\u00f3n en los cines Nervi\u00f3n Plaza de la pel\u00edcula \u201cLe Meraviglie\u201d, de Alice Rohrwacher, ganadora del Grand Prix del Festival de Cannes 2014, y que ha sido  presentada por la directora, acompa\u00f1ada por Marina Sciarretta, directora del Centro Cultural Italiano de Sevilla.<\/p>\n","protected":false},"author":8,"featured_media":0,"comment_status":"closed","ping_status":"open","sticky":false,"template":"","format":"standard","meta":{"_monsterinsights_skip_tracking":false,"_monsterinsights_sitenote_active":false,"_monsterinsights_sitenote_note":"","_monsterinsights_sitenote_category":0,"footnotes":""},"categories":[7],"tags":[96,1980,982,983],"class_list":["post-6697452","post","type-post","status-publish","format-standard","hentry","category-cultura","tag-facultad-de-humanidades","tag-festival-de-cine-europeo","tag-italia","tag-italiano"],"_links":{"self":[{"href":"https:\/\/www.upo.es\/diario\/wp-json\/wp\/v2\/posts\/6697452","targetHints":{"allow":["GET"]}}],"collection":[{"href":"https:\/\/www.upo.es\/diario\/wp-json\/wp\/v2\/posts"}],"about":[{"href":"https:\/\/www.upo.es\/diario\/wp-json\/wp\/v2\/types\/post"}],"author":[{"embeddable":true,"href":"https:\/\/www.upo.es\/diario\/wp-json\/wp\/v2\/users\/8"}],"replies":[{"embeddable":true,"href":"https:\/\/www.upo.es\/diario\/wp-json\/wp\/v2\/comments?post=6697452"}],"version-history":[{"count":11,"href":"https:\/\/www.upo.es\/diario\/wp-json\/wp\/v2\/posts\/6697452\/revisions"}],"predecessor-version":[{"id":6711976,"href":"https:\/\/www.upo.es\/diario\/wp-json\/wp\/v2\/posts\/6697452\/revisions\/6711976"}],"wp:attachment":[{"href":"https:\/\/www.upo.es\/diario\/wp-json\/wp\/v2\/media?parent=6697452"}],"wp:term":[{"taxonomy":"category","embeddable":true,"href":"https:\/\/www.upo.es\/diario\/wp-json\/wp\/v2\/categories?post=6697452"},{"taxonomy":"post_tag","embeddable":true,"href":"https:\/\/www.upo.es\/diario\/wp-json\/wp\/v2\/tags?post=6697452"}],"curies":[{"name":"wp","href":"https:\/\/api.w.org\/{rel}","templated":true}]}}