{"id":6697459,"date":"2014-11-13T01:21:51","date_gmt":"2014-11-13T01:21:51","guid":{"rendered":"https:\/\/www.upo.es\/diario\/?p=6697459"},"modified":"2014-11-13T08:56:38","modified_gmt":"2014-11-13T08:56:38","slug":"manana-presentacion-del-libro-lagrimas-en-la-lluvia-estudios-sobre-la-muerte-y-los-muertos","status":"publish","type":"post","link":"https:\/\/www.upo.es\/diario\/cultura\/2014\/11\/manana-presentacion-del-libro-lagrimas-en-la-lluvia-estudios-sobre-la-muerte-y-los-muertos\/","title":{"rendered":"Presentaci\u00f3n del libro \u201cL\u00e1grimas en la lluvia. Estudios sobre la muerte y los muertos\u201d"},"content":{"rendered":"<p><a href=\"https:\/\/www.upo.es\/diario\/wp-content\/uploads\/2014\/11\/lagrimas_en_la_lluvia_portada.png\"><img loading=\"lazy\" decoding=\"async\" class=\"alignright size-medium wp-image-6697460\" alt=\"lagrimas_en_la_lluvia_portada\" src=\"https:\/\/www.upo.es\/diario\/wp-content\/uploads\/2014\/11\/lagrimas_en_la_lluvia_portada-237x320.png\" width=\"237\" height=\"320\" srcset=\"https:\/\/www.upo.es\/diario\/wp-content\/uploads\/2014\/11\/lagrimas_en_la_lluvia_portada-237x320.png 237w, https:\/\/www.upo.es\/diario\/wp-content\/uploads\/2014\/11\/lagrimas_en_la_lluvia_portada.png 426w\" sizes=\"auto, (max-width: 237px) 100vw, 237px\" \/><\/a>Hoy jueves, 13 de noviembre, <strong>a las 19 horas, en la Casa de la Provincia<\/strong> (Plaza del Triunfo, Sevilla), tendr\u00e1 lugar la presentaci\u00f3n del libro <strong>\u201cL\u00e1grimas en la lluvia. Estudios sobre la muerte y los muertos\u201d<\/strong> (editorial Aconcagua), una obra dirigida por <strong>Jos\u00e9 Mar\u00eda Miura Andrades<\/strong>, profesor del Departamento de Geograf\u00eda, Historia y Filosof\u00eda, y coordinada por<strong> Juan Carlos Arboleda Goldaracena<\/strong>.<\/p>\n<p>Su contenido refleja las jornadas \u201cCum Totis Mortuis: Un an\u00e1lisis multidisciplinar de la muerte y los muertos\u201d, que organizaron los autores y se celebraron en la Universidad Pablo de Olavide los d\u00edas 30 y 31 de octubre de 2012. El encuentro hizo madurar la idea de la necesidad de editar las reflexiones sobre la muerte abordada desde las diferentes disciplinas (ciencias, sociedades, literatura, historia, m\u00fasica y espacios).<\/p>\n<p>En este contexto, es la b\u00fasqueda de la Humanidad, desde todas las ciencias, la que impulsa esta obra. Los textos nos invitan a reflexionar sobre la finalizaci\u00f3n de la vida desde m\u00faltiples perspectivas, agrupando para ello las aportaciones diversas y complementarias de cuarenta y tres autores.<\/p>\n<p>En la presentaci\u00f3n intervendr\u00e1n Jos\u00e9 Mar\u00eda Miura Andrades, Juan Carlos Arboleda Goldaracena y el editor \u00c1ngel del Pozo Redondo.<\/p>\n","protected":false},"excerpt":{"rendered":"<p>Hoy a las 19 horas, en la Casa de la Provincia, tendr\u00e1 lugar la presentaci\u00f3n del libro \u201cL\u00e1grimas en la lluvia. Estudios sobre la muerte y los muertos\u201d (editorial Aconcagua), una obra dirigida por Jos\u00e9 Mar\u00eda Miura Andrades, profesor del Departamento de Geograf\u00eda, Historia y Filosof\u00eda, y coordinada por Juan Carlos Arboleda Goldaracena.<\/p>\n","protected":false},"author":8,"featured_media":0,"comment_status":"closed","ping_status":"open","sticky":false,"template":"","format":"standard","meta":{"_monsterinsights_skip_tracking":false,"_monsterinsights_sitenote_active":false,"_monsterinsights_sitenote_note":"","_monsterinsights_sitenote_category":0,"footnotes":""},"categories":[7],"tags":[1379,327,2014,333,334],"class_list":["post-6697459","post","type-post","status-publish","format-standard","hentry","category-cultura","tag-aconcagua","tag-diputacion","tag-jose-maria-miura","tag-libro","tag-presentacion"],"_links":{"self":[{"href":"https:\/\/www.upo.es\/diario\/wp-json\/wp\/v2\/posts\/6697459","targetHints":{"allow":["GET"]}}],"collection":[{"href":"https:\/\/www.upo.es\/diario\/wp-json\/wp\/v2\/posts"}],"about":[{"href":"https:\/\/www.upo.es\/diario\/wp-json\/wp\/v2\/types\/post"}],"author":[{"embeddable":true,"href":"https:\/\/www.upo.es\/diario\/wp-json\/wp\/v2\/users\/8"}],"replies":[{"embeddable":true,"href":"https:\/\/www.upo.es\/diario\/wp-json\/wp\/v2\/comments?post=6697459"}],"version-history":[{"count":4,"href":"https:\/\/www.upo.es\/diario\/wp-json\/wp\/v2\/posts\/6697459\/revisions"}],"predecessor-version":[{"id":6711982,"href":"https:\/\/www.upo.es\/diario\/wp-json\/wp\/v2\/posts\/6697459\/revisions\/6711982"}],"wp:attachment":[{"href":"https:\/\/www.upo.es\/diario\/wp-json\/wp\/v2\/media?parent=6697459"}],"wp:term":[{"taxonomy":"category","embeddable":true,"href":"https:\/\/www.upo.es\/diario\/wp-json\/wp\/v2\/categories?post=6697459"},{"taxonomy":"post_tag","embeddable":true,"href":"https:\/\/www.upo.es\/diario\/wp-json\/wp\/v2\/tags?post=6697459"}],"curies":[{"name":"wp","href":"https:\/\/api.w.org\/{rel}","templated":true}]}}