{"id":6697462,"date":"2014-11-12T00:39:17","date_gmt":"2014-11-12T00:39:17","guid":{"rendered":"https:\/\/www.upo.es\/diario\/?p=6697462"},"modified":"2014-11-13T13:37:59","modified_gmt":"2014-11-13T13:37:59","slug":"estudiantes-seran-biotecnologos-por-un-dia-en-los-talleres-aqui-hay-ciencia-que-se-celebran-manana-jueves","status":"publish","type":"post","link":"https:\/\/www.upo.es\/diario\/ciencia\/2014\/11\/estudiantes-seran-biotecnologos-por-un-dia-en-los-talleres-aqui-hay-ciencia-que-se-celebran-manana-jueves\/","title":{"rendered":"Estudiantes ser\u00e1n biotecn\u00f3logos por un d\u00eda en los talleres \u201cAqu\u00ed hay Ciencia\u201d que se celebran ma\u00f1ana jueves"},"content":{"rendered":"<figure id=\"attachment_669746\" aria-describedby=\"caption-attachment-669746\" style=\"width: 320px\" class=\"wp-caption alignright\"><a href=\"https:\/\/www.upo.es\/diario\/wp-content\/uploads\/2014\/11\/Semana_ciencia.jpg\"><img loading=\"lazy\" decoding=\"async\" class=\"size-medium wp-image-6697463\" alt=\"Semana_ciencia\" src=\"https:\/\/www.upo.es\/diario\/wp-content\/uploads\/2014\/11\/Semana_ciencia-320x213.jpg\" width=\"320\" height=\"213\" srcset=\"https:\/\/www.upo.es\/diario\/wp-content\/uploads\/2014\/11\/Semana_ciencia-320x213.jpg 320w, https:\/\/www.upo.es\/diario\/wp-content\/uploads\/2014\/11\/Semana_ciencia-600x400.jpg 600w\" sizes=\"auto, (max-width: 320px) 100vw, 320px\" \/><\/a><figcaption id=\"caption-attachment-669746\" class=\"wp-caption-text\">Elo\u00edsa Bern\u00e1ldez junto a Arturo Menor, director de Acaj\u00fa y creador del documental<\/figcaption><\/figure>\n<p>Los talleres <strong>\u201cAqu\u00ed hay Ciencia\u201d<\/strong>, impartidos por la Asociaci\u00f3n de Biotecn\u00f3logos de Andaluc\u00eda (AsBAn), se celebrar\u00e1n ma\u00f1ana jueves 13 de noviembre en la Universidad Pablo de Olavide en el marco de la <a href=\"http:\/\/www.upo.es\/semanadelaciencia\/\">XIV Semana de la Ciencia de la UPO<\/a>. De esta forma, los estudiantes de Bachillerato y Ciclos Formativos tendr\u00e1n la oportunidad de convertirse en biotecn\u00f3logos por un d\u00eda a trav\u00e9s de los talleres \u201cExtracci\u00f3n de ADN vegetal\u201d, \u201cApocalipsis zombie: identificaci\u00f3n del paciente cero\u201d, y \u201cMOOC iGEM High School: la Biolog\u00eda Sint\u00e9tica llega a los institutos\u201d.<\/p>\n<p>El objetivo de esta actividad, que comenzar\u00e1 a las 9:30 horas en el sal\u00f3n de grados de la Biblioteca de la UPO, es promover la divulgaci\u00f3n cient\u00edfica, dar a conocer la Biotecnolog\u00eda y reforzar la participaci\u00f3n en este tipo de actividades. En este sentido, los estudiantes participar\u00e1n activamente en el taller \u201cExtracci\u00f3n de ADN vegetal\u201d, donde llevar\u00e1n a cabo un sencillo protocolo de extracci\u00f3n de material gen\u00e9tico de plantas para ver la estructura fibrilar del ADN; el taller \u201cApocalipsis zombie: identificaci\u00f3n del paciente cero\u201d, una actividad interactiva en la que se simula la propagaci\u00f3n de un agente infeccioso por el grupo, ejemplificando c\u00f3mo se extiende una enfermedad en una poblaci\u00f3n. Los experimentos de estos talleres se desarrollar\u00e1n en los laboratorios 1.03 y 1.05 del edificio 23 y en el aula de inform\u00e1tica 3 del edificio 10 de la UPO. Respecto al tercer taller, \u00a0\u201cMOOC iGEM High School: la Biolog\u00eda Sint\u00e9tica llega a los institutos\u201d, se presentar\u00e1 MOOC iGEM HS (http:\/\/igemhs.wix.com\/mooc), una plataforma colaborativa de anotaci\u00f3n de textos acompa\u00f1ada de material audiovisual e interactivo, y adem\u00e1s se har\u00e1 una presentaci\u00f3n del concurso iGEM, una competici\u00f3n para estudiantes de todo el mundo que tiene como tema central la biolog\u00eda sint\u00e9tica.<\/p>\n<p>De otro lado, prosiguen las <a href=\"http:\/\/www.upo.es\/semanadelaciencia\/Visitas\/index.jsp\">Jornadas de Puertas Abiertas<\/a> del Centro Andaluz de Biolog\u00eda del Desarrollo (centro mixto de la UPO, el CSIC y la Junta de Andaluc\u00eda) para estudiantes de Secundaria, Bachillerato y Ciclos Formativos, en las que cerca de 200 alumnos podr\u00e1n conocer los entresijos de la investigaci\u00f3n en biolog\u00eda del desarrollo as\u00ed como la oportunidad de experimentar en sus laboratorios en estas jornadas que se desarrollan hasta ma\u00f1ana jueves 13 de noviembre.<\/p>\n<p>Adem\u00e1s de las Jornadas de Puertas Abiertas del CABD, hoy mi\u00e9rcoles ha tenido lugar la proyecci\u00f3n del documental \u201cLa paleohuella ecol\u00f3gica: El origen\u201d, resultado de un proyecto en el que participan investigadores de la UPO y del Instituto Andaluz del Patrimonio Hist\u00f3rico (IAPH), liderados por Elo\u00edsa Bern\u00e1ldez, quien ha \u00a0presentado este documental y ofrecido una charla sobre sus investigaciones exponiendo fotograf\u00edas de los yacimientos arqueol\u00f3gicos en los que ha trabajado as\u00ed como de muestras y restos encontrados.<\/p>\n<p>Este documental, que ha arrojado luz sobre c\u00f3mo la especie humana ha sobrevivido en el sur de la Pen\u00ednsula Ib\u00e9rica hace 8.000 a\u00f1os, est\u00e1 financiado por la Fundaci\u00f3n Espa\u00f1ola para la Ciencia y la Tecnolog\u00eda (FECYT) del Ministerio de Econom\u00eda y Competitividad. El documental muestra, a partir de la investigaci\u00f3n paleobiol\u00f3gica en m\u00e1s de 60 yacimientos arqueol\u00f3gicos, c\u00f3mo eran los ecosistemas y la vida de unos pobladores que comienzan por aprovechar los recursos naturales recolectados y acaban por domesticar la naturaleza m\u00e1s cercana.<\/p>\n<p>Cerca de 700 estudiantes de centros educativos as\u00ed como emprendedores y p\u00fablico en general participan desde el martes 4 de noviembre en la UPO en los talleres pr\u00e1cticos, charlas, jornadas y visitas guiadas programadas a lo largo de estas dos semanas por la <a href=\"http:\/\/www.upo.es\/otri\/portada\">Oficina de Transferencia de Resultados de Investigaci\u00f3n<\/a> (OTRI) del Vicerrectorado de Investigaci\u00f3n y Transferencia de Tecnolog\u00eda.<\/p>\n","protected":false},"excerpt":{"rendered":"<p>Los talleres \u201cAqu\u00ed hay Ciencia\u201d, impartidos por la Asociaci\u00f3n de Biotecn\u00f3logos de Andaluc\u00eda (AsBAn), se celebrar\u00e1n ma\u00f1ana jueves 13 de noviembre en la Universidad Pablo de Olavide en el marco de la XIV Semana de la Ciencia de la UPO. De esta forma, los estudiantes de Bachillerato y Ciclos Formativos tendr\u00e1n la oportunidad de convertirse en biotecn\u00f3logos por un d\u00eda a trav\u00e9s de los talleres \u201cExtracci\u00f3n de ADN vegetal\u201d, \u201cApocalipsis zombie: identificaci\u00f3n del paciente cero\u201d, y \u201cMOOC iGEM High School: la Biolog\u00eda Sint\u00e9tica llega a los institutos\u201d.<\/p>\n","protected":false},"author":9,"featured_media":0,"comment_status":"closed","ping_status":"open","sticky":false,"template":"","format":"standard","meta":{"_monsterinsights_skip_tracking":false,"_monsterinsights_sitenote_active":false,"_monsterinsights_sitenote_note":"","_monsterinsights_sitenote_category":0,"footnotes":""},"categories":[3],"tags":[123,5833,1428,1657,491,2006],"class_list":["post-6697462","post","type-post","status-publish","format-standard","hentry","category-ciencia","tag-asban","tag-ciencia","tag-eloisa-bernaldez","tag-universidad-pablo-de-olavide","tag-upo","tag-xiv-semana-de-la-ciencia"],"_links":{"self":[{"href":"https:\/\/www.upo.es\/diario\/wp-json\/wp\/v2\/posts\/6697462","targetHints":{"allow":["GET"]}}],"collection":[{"href":"https:\/\/www.upo.es\/diario\/wp-json\/wp\/v2\/posts"}],"about":[{"href":"https:\/\/www.upo.es\/diario\/wp-json\/wp\/v2\/types\/post"}],"author":[{"embeddable":true,"href":"https:\/\/www.upo.es\/diario\/wp-json\/wp\/v2\/users\/9"}],"replies":[{"embeddable":true,"href":"https:\/\/www.upo.es\/diario\/wp-json\/wp\/v2\/comments?post=6697462"}],"version-history":[{"count":5,"href":"https:\/\/www.upo.es\/diario\/wp-json\/wp\/v2\/posts\/6697462\/revisions"}],"predecessor-version":[{"id":6714919,"href":"https:\/\/www.upo.es\/diario\/wp-json\/wp\/v2\/posts\/6697462\/revisions\/6714919"}],"wp:attachment":[{"href":"https:\/\/www.upo.es\/diario\/wp-json\/wp\/v2\/media?parent=6697462"}],"wp:term":[{"taxonomy":"category","embeddable":true,"href":"https:\/\/www.upo.es\/diario\/wp-json\/wp\/v2\/categories?post=6697462"},{"taxonomy":"post_tag","embeddable":true,"href":"https:\/\/www.upo.es\/diario\/wp-json\/wp\/v2\/tags?post=6697462"}],"curies":[{"name":"wp","href":"https:\/\/api.w.org\/{rel}","templated":true}]}}