{"id":6714180,"date":"2014-11-14T01:42:27","date_gmt":"2014-11-14T01:42:27","guid":{"rendered":"https:\/\/www.upo.es\/diario\/?p=6714180"},"modified":"2014-11-14T08:56:08","modified_gmt":"2014-11-14T08:56:08","slug":"manana-se-celebra-en-la-upo-la-primera-conferencia-de-decanos-y-decanas-de-criminologia-de-espana","status":"publish","type":"post","link":"https:\/\/www.upo.es\/diario\/institucional\/2014\/11\/manana-se-celebra-en-la-upo-la-primera-conferencia-de-decanos-y-decanas-de-criminologia-de-espana\/","title":{"rendered":"Hoy se celebra en la UPO la primera Conferencia de Decanos y Decanas de Criminolog\u00eda de Espa\u00f1a"},"content":{"rendered":"<p><span style=\"text-decoration: underline;\">Hoy viernes 14 de noviembre a partir de las 10.30 horas en la sala de grados de la Biblioteca (edificio 25) de la Universidad Pablo de Olavide<\/span>, se celebrar\u00e1 la primera Conferencia de Decanos y Decanas de Criminolog\u00eda de Espa\u00f1a. La reuni\u00f3n, que ser\u00e1 presidida por Andr\u00e9s Rodr\u00edguez Benot, decano de la Facultad de Derecho de la UPO, se lleva a cabo una vez que han finalizado sus estudios las primeras promociones del Grado en Criminolog\u00eda.<\/p>\n<p>En esta conferencia se pretende explorar posibilidades de expansi\u00f3n de dicha titulaci\u00f3n, debatir sobre asuntos de inter\u00e9s com\u00fan frente a las entidades privadas y a las administraciones p\u00fablicas, as\u00ed como plantear l\u00edneas de trabajo en beneficio de los propios estudios y de los egresados en esta carrera para mejorar su formaci\u00f3n y su acceso al mundo profesional.<\/p>\n<p>El grado en Criminolog\u00eda, titulaci\u00f3n de creciente creaci\u00f3n en Espa\u00f1a con gran demanda, incorpora estudios transversales (de los \u00e1mbitos jur\u00eddico, forense, experimental, sociol\u00f3gico, etc.) y pretende formar a personas capaces de desempe\u00f1ar su tarea en un sector en constante auge e innovaci\u00f3n. En algunas universidades se imparte, adem\u00e1s, como doble grado, como ocurre con la UPO con el grado en Derecho.<\/p>\n","protected":false},"excerpt":{"rendered":"<p>En esta conferencia se pretende explorar posibilidades de expansi\u00f3n de dicha titulaci\u00f3n, debatir sobre asuntos de inter\u00e9s com\u00fan frente a las entidades privadas y a las administraciones p\u00fablicas, as\u00ed como plantear l\u00edneas de trabajo en beneficio de los propios estudios y de los egresados en esta carrera para mejorar su formaci\u00f3n y su acceso al mundo profesional.<\/p>\n","protected":false},"author":8,"featured_media":0,"comment_status":"closed","ping_status":"open","sticky":false,"template":"","format":"standard","meta":{"_monsterinsights_skip_tracking":false,"_monsterinsights_sitenote_active":false,"_monsterinsights_sitenote_note":"","_monsterinsights_sitenote_category":0,"footnotes":""},"categories":[6],"tags":[1228,227,532,87,81],"class_list":["post-6714180","post","type-post","status-publish","format-standard","hentry","category-institucional","tag-andres-rodriguez-benot","tag-conferencia","tag-criminologia","tag-derecho","tag-facultad-de-derecho"],"_links":{"self":[{"href":"https:\/\/www.upo.es\/diario\/wp-json\/wp\/v2\/posts\/6714180","targetHints":{"allow":["GET"]}}],"collection":[{"href":"https:\/\/www.upo.es\/diario\/wp-json\/wp\/v2\/posts"}],"about":[{"href":"https:\/\/www.upo.es\/diario\/wp-json\/wp\/v2\/types\/post"}],"author":[{"embeddable":true,"href":"https:\/\/www.upo.es\/diario\/wp-json\/wp\/v2\/users\/8"}],"replies":[{"embeddable":true,"href":"https:\/\/www.upo.es\/diario\/wp-json\/wp\/v2\/comments?post=6714180"}],"version-history":[{"count":5,"href":"https:\/\/www.upo.es\/diario\/wp-json\/wp\/v2\/posts\/6714180\/revisions"}],"predecessor-version":[{"id":6730760,"href":"https:\/\/www.upo.es\/diario\/wp-json\/wp\/v2\/posts\/6714180\/revisions\/6730760"}],"wp:attachment":[{"href":"https:\/\/www.upo.es\/diario\/wp-json\/wp\/v2\/media?parent=6714180"}],"wp:term":[{"taxonomy":"category","embeddable":true,"href":"https:\/\/www.upo.es\/diario\/wp-json\/wp\/v2\/categories?post=6714180"},{"taxonomy":"post_tag","embeddable":true,"href":"https:\/\/www.upo.es\/diario\/wp-json\/wp\/v2\/tags?post=6714180"}],"curies":[{"name":"wp","href":"https:\/\/api.w.org\/{rel}","templated":true}]}}