{"id":6715658,"date":"2014-11-14T00:19:12","date_gmt":"2014-11-14T00:19:12","guid":{"rendered":"https:\/\/www.upo.es\/diario\/?p=6715658"},"modified":"2014-11-14T14:25:39","modified_gmt":"2014-11-14T14:25:39","slug":"el-rector-de-la-upo-asiste-hoy-a-la-inauguracion-del-seminario-cooperacion-inmigracion-y-codesarrollo","status":"publish","type":"post","link":"https:\/\/www.upo.es\/diario\/institucional\/2014\/11\/el-rector-de-la-upo-asiste-hoy-a-la-inauguracion-del-seminario-cooperacion-inmigracion-y-codesarrollo\/","title":{"rendered":"El rector de la UPO asiste hoy a la inauguraci\u00f3n del seminario \u00abCooperaci\u00f3n, inmigraci\u00f3n y codesarrollo\u00bb"},"content":{"rendered":"<p><a href=\"https:\/\/www.upo.es\/diario\/wp-content\/uploads\/2014\/11\/triptico-definitivo-solidaridad.png\"><img loading=\"lazy\" decoding=\"async\" class=\"size-medium wp-image-6696707 alignright\" alt=\"triptico-definitivo-solidaridad\" src=\"https:\/\/www.upo.es\/diario\/wp-content\/uploads\/2014\/11\/triptico-definitivo-solidaridad-157x320.png\" width=\"157\" height=\"320\" srcset=\"https:\/\/www.upo.es\/diario\/wp-content\/uploads\/2014\/11\/triptico-definitivo-solidaridad-157x320.png 157w, https:\/\/www.upo.es\/diario\/wp-content\/uploads\/2014\/11\/triptico-definitivo-solidaridad-295x600.png 295w, https:\/\/www.upo.es\/diario\/wp-content\/uploads\/2014\/11\/triptico-definitivo-solidaridad-600x1219.png 600w, https:\/\/www.upo.es\/diario\/wp-content\/uploads\/2014\/11\/triptico-definitivo-solidaridad.png 1131w\" sizes=\"auto, (max-width: 157px) 100vw, 157px\" \/><\/a>El rector de la UPO, Vicente Guzm\u00e1n, asiste hoy a las 10 horas, en la sede de la Fundaci\u00f3n Cajasol, a la inauguraci\u00f3n del <b>foro de debate \u201cSolidaridad en tiempos de crisis. Cooperaci\u00f3n, inmigraci\u00f3n y codesarrollo: Balance y propuestas\u201d<\/b>, que estar\u00e1 presidida por Emilio de Llera, consejero de Justicia e Interior de la Junta de Andaluc\u00eda; Eugenio Dom\u00ednguez, rector de la UNIA; Antonio Pulido, presidente de la Fundaci\u00f3n Cajasol, y Sami Na\u00efr, director del Centro Mediterr\u00e1neo Andalus\u00ed. El acto de inauguraci\u00f3n estar\u00e1 moderado por la periodista Angels Barcel\u00f3.<\/p>\n<p>El seminario \u201cSolidaridad en tiempos de crisis. Cooperaci\u00f3n, inmigraci\u00f3n y codesarrollo: Balance y propuestas\u201d organizado\u201d est\u00e1 organizado por la Agencia Andaluza de Cooperaci\u00f3n Internacional al Desarrollo, la Universidad Internacional de Andaluc\u00eda, el Institut d\u2019\u00c9tudes et de Recherche Europe-M\u00e9diterran\u00e9e &#8211; Club Unesco y el Centro Mediterr\u00e1neo Andalus\u00ed de la Universidad Pablo de Olavide.<\/p>\n<p>En el contexto de las pol\u00edticas de cooperaci\u00f3n al desarrollo, el seminario abordar\u00e1 c\u00f3mo interviene la cooperaci\u00f3n espa\u00f1ola y, particularmente, la andaluza, cu\u00e1les son sus orientaciones y principios estrat\u00e9gicos, \u00a0as\u00ed como los compromisos pol\u00edticos de Andaluc\u00eda en materia de cooperaci\u00f3n al desarrollo en el \u00e1mbito geogr\u00e1fico del Mediterr\u00e1neo, en el \u00c1frica Subsahariana y en Am\u00e9rica Latina. Y todo ello, considerando el persistente escenario de moderaci\u00f3n presupuestaria en las ayudas destinadas a la cooperaci\u00f3n internacional al desarrollo.<\/p>\n<p>Del mismo modo, este foro de debate analizar\u00e1 y comparar\u00e1 la experiencia de las pol\u00edticas de cooperaci\u00f3n descentralizada en otros pa\u00edses, especialmente en Francia (por lo que se refiere al norte de \u00c1frica y \u00c1frica Subsahariana), con el fin de proponer herramientas para mejorar la ayuda al desarrollo sostenible y a la participaci\u00f3n democr\u00e1tica.<\/p>\n","protected":false},"excerpt":{"rendered":"<p>El rector de la UPO, Vicente Guzm\u00e1n, asiste hoy en la sede de la Fundaci\u00f3n Cajasol, a la inauguraci\u00f3n del foro de debate \u201cSolidaridad en tiempos de crisis. Cooperaci\u00f3n, inmigraci\u00f3n y codesarrollo: Balance y propuestas\u201d, que estar\u00e1 presidida por Emilio de Llera, consejero de Justicia e Interior de la Junta de Andaluc\u00eda; Eugenio Dom\u00ednguez, rector de la UNIA; Antonio Pulido, presidente de la Fundaci\u00f3n Cajasol, y Sami Na\u00efr, director del Centro Mediterr\u00e1neo Andalus\u00ed. El acto de inauguraci\u00f3n estar\u00e1 moderado por la periodista Angels Barcel\u00f3.<\/p>\n","protected":false},"author":6,"featured_media":0,"comment_status":"closed","ping_status":"open","sticky":false,"template":"","format":"standard","meta":{"_monsterinsights_skip_tracking":false,"_monsterinsights_sitenote_active":false,"_monsterinsights_sitenote_note":"","_monsterinsights_sitenote_category":0,"footnotes":""},"categories":[6],"tags":[997,624,349,203,38,993,78,1340],"class_list":["post-6715658","post","type-post","status-publish","format-standard","hentry","category-institucional","tag-centro-mediterraneo-andalusi","tag-cooperacion","tag-inauguracion","tag-junta-de-andalucia","tag-rector","tag-sami-nair","tag-seminario","tag-vicente-guzman"],"_links":{"self":[{"href":"https:\/\/www.upo.es\/diario\/wp-json\/wp\/v2\/posts\/6715658","targetHints":{"allow":["GET"]}}],"collection":[{"href":"https:\/\/www.upo.es\/diario\/wp-json\/wp\/v2\/posts"}],"about":[{"href":"https:\/\/www.upo.es\/diario\/wp-json\/wp\/v2\/types\/post"}],"author":[{"embeddable":true,"href":"https:\/\/www.upo.es\/diario\/wp-json\/wp\/v2\/users\/6"}],"replies":[{"embeddable":true,"href":"https:\/\/www.upo.es\/diario\/wp-json\/wp\/v2\/comments?post=6715658"}],"version-history":[{"count":3,"href":"https:\/\/www.upo.es\/diario\/wp-json\/wp\/v2\/posts\/6715658\/revisions"}],"predecessor-version":[{"id":6734446,"href":"https:\/\/www.upo.es\/diario\/wp-json\/wp\/v2\/posts\/6715658\/revisions\/6734446"}],"wp:attachment":[{"href":"https:\/\/www.upo.es\/diario\/wp-json\/wp\/v2\/media?parent=6715658"}],"wp:term":[{"taxonomy":"category","embeddable":true,"href":"https:\/\/www.upo.es\/diario\/wp-json\/wp\/v2\/categories?post=6715658"},{"taxonomy":"post_tag","embeddable":true,"href":"https:\/\/www.upo.es\/diario\/wp-json\/wp\/v2\/tags?post=6715658"}],"curies":[{"name":"wp","href":"https:\/\/api.w.org\/{rel}","templated":true}]}}