{"id":6733687,"date":"2014-11-14T13:18:07","date_gmt":"2014-11-14T13:18:07","guid":{"rendered":"https:\/\/www.upo.es\/diario\/?p=6733687"},"modified":"2014-11-19T13:20:13","modified_gmt":"2014-11-19T13:20:13","slug":"el-rector-de-la-upo-asiste-a-la-inauguracion-del-seminario-cooperacion-inmigracion-y-codesarrollo","status":"publish","type":"post","link":"https:\/\/www.upo.es\/diario\/institucional\/2014\/11\/el-rector-de-la-upo-asiste-a-la-inauguracion-del-seminario-cooperacion-inmigracion-y-codesarrollo\/","title":{"rendered":"Inauguraci\u00f3n del seminario &#8216;Cooperaci\u00f3n, inmigraci\u00f3n y codesarrollo&#8217;"},"content":{"rendered":"<figure id=\"attachment_673368\" aria-describedby=\"caption-attachment-673368\" style=\"width: 600px\" class=\"wp-caption aligncenter\"><a href=\"https:\/\/www.upo.es\/diario\/wp-content\/uploads\/2014\/11\/s_solidaridad1.jpg\"><img loading=\"lazy\" decoding=\"async\" class=\"size-large wp-image-6733688\" alt=\"s_solidaridad1\" src=\"https:\/\/www.upo.es\/diario\/wp-content\/uploads\/2014\/11\/s_solidaridad1-600x400.jpg\" width=\"600\" height=\"400\" srcset=\"https:\/\/www.upo.es\/diario\/wp-content\/uploads\/2014\/11\/s_solidaridad1-600x400.jpg 600w, https:\/\/www.upo.es\/diario\/wp-content\/uploads\/2014\/11\/s_solidaridad1-320x213.jpg 320w\" sizes=\"auto, (max-width: 600px) 100vw, 600px\" \/><\/a><figcaption id=\"caption-attachment-673368\" class=\"wp-caption-text\">De derecha a izquierda, Vicente Guzm\u00e1n, Eugenio Dom\u00ednguez, Emilio de Llera, Susana D\u00edaz, Antonio Pulido y Sami Na\u00efr<\/figcaption><\/figure>\n<p>El rector de la UPO, Vicente Guzm\u00e1n, ha asistido hoy a la inauguraci\u00f3n del foro de debate \u201cSolidaridad en tiempos de crisis. Cooperaci\u00f3n, inmigraci\u00f3n y codesarrollo: Balance y propuestas\u201d, que ha estado presidida por Susana D\u00edaz, presidenta de la Junta de Andaluc\u00eda; Emilio de Llera, consejero de Justicia e Interior de la Junta de Andaluc\u00eda; Eugenio Dom\u00ednguez, rector de la UNIA; Antonio Pulido, presidente de la Fundaci\u00f3n Cajasol, y Sami Na\u00efr, director del Centro Mediterr\u00e1neo Andalus\u00ed. El acto de inauguraci\u00f3n ha sido moderado por la periodista Angels Barcel\u00f3.<\/p>\n<p>El seminario \u201cSolidaridad en tiempos de crisis. Cooperaci\u00f3n, inmigraci\u00f3n y codesarrollo: Balance y propuestas\u201d organizado\u201d est\u00e1 organizado por la Agencia Andaluza de Cooperaci\u00f3n Internacional al Desarrollo, la Universidad Internacional de Andaluc\u00eda, el Institut d\u2019\u00c9tudes et de Recherche Europe-M\u00e9diterran\u00e9e &#8211; Club Unesco y el Centro Mediterr\u00e1neo Andalus\u00ed de la Universidad Pablo de Olavide.<\/p>\n<p>En el contexto de las pol\u00edticas de cooperaci\u00f3n al desarrollo, el seminario abordar\u00e1 c\u00f3mo interviene la cooperaci\u00f3n espa\u00f1ola y, particularmente, la andaluza, cu\u00e1les son sus orientaciones y principios estrat\u00e9gicos, \u00a0as\u00ed como los compromisos pol\u00edticos de Andaluc\u00eda en materia de cooperaci\u00f3n al desarrollo en el \u00e1mbito geogr\u00e1fico del Mediterr\u00e1neo, en el \u00c1frica Subsahariana y en Am\u00e9rica Latina. Y todo ello, considerando el persistente escenario de moderaci\u00f3n presupuestaria en las ayudas destinadas a la cooperaci\u00f3n internacional al desarrollo.<\/p>\n<p>Del mismo modo, este foro de debate analizar\u00e1 y comparar\u00e1 la experiencia de las pol\u00edticas de cooperaci\u00f3n descentralizada en otros pa\u00edses, especialmente en Francia (por lo que se refiere al norte de \u00c1frica y \u00c1frica Subsahariana), con el fin de proponer herramientas para mejorar la ayuda al desarrollo sostenible y a la participaci\u00f3n democr\u00e1tica..<\/p>\n","protected":false},"excerpt":{"rendered":"<p>El rector de la UPO, Vicente Guzm\u00e1n, ha asistido hoy a la inauguraci\u00f3n del foro de debate \u201cSolidaridad en tiempos de crisis. Cooperaci\u00f3n, inmigraci\u00f3n y codesarrollo: Balance y propuestas\u201d, que ha estado presidida por Susana D\u00edaz, presidenta de la Junta de Andaluc\u00eda; Emilio de Llera, consejero de Justicia e Interior de la Junta de Andaluc\u00eda; Eugenio Dom\u00ednguez, rector de la UNIA; Antonio Pulido, presidente de la Fundaci\u00f3n Cajasol, y Sami Na\u00efr, director del Centro Mediterr\u00e1neo Andalus\u00ed. El acto de inauguraci\u00f3n ha sido moderado por la periodista Angels Barcel\u00f3.<\/p>\n","protected":false},"author":8,"featured_media":0,"comment_status":"closed","ping_status":"open","sticky":false,"template":"","format":"standard","meta":{"_monsterinsights_skip_tracking":false,"_monsterinsights_sitenote_active":false,"_monsterinsights_sitenote_note":"","_monsterinsights_sitenote_category":0,"footnotes":""},"categories":[6],"tags":[624,1849,953,993,78,1024,1077,170,1340],"class_list":["post-6733687","post","type-post","status-publish","format-standard","hentry","category-institucional","tag-cooperacion","tag-emilio-de-llera-suarez-barcena","tag-inmigracion","tag-sami-nair","tag-seminario","tag-solidaridad","tag-susana-diaz","tag-unia","tag-vicente-guzman"],"_links":{"self":[{"href":"https:\/\/www.upo.es\/diario\/wp-json\/wp\/v2\/posts\/6733687","targetHints":{"allow":["GET"]}}],"collection":[{"href":"https:\/\/www.upo.es\/diario\/wp-json\/wp\/v2\/posts"}],"about":[{"href":"https:\/\/www.upo.es\/diario\/wp-json\/wp\/v2\/types\/post"}],"author":[{"embeddable":true,"href":"https:\/\/www.upo.es\/diario\/wp-json\/wp\/v2\/users\/8"}],"replies":[{"embeddable":true,"href":"https:\/\/www.upo.es\/diario\/wp-json\/wp\/v2\/comments?post=6733687"}],"version-history":[{"count":5,"href":"https:\/\/www.upo.es\/diario\/wp-json\/wp\/v2\/posts\/6733687\/revisions"}],"predecessor-version":[{"id":6733690,"href":"https:\/\/www.upo.es\/diario\/wp-json\/wp\/v2\/posts\/6733687\/revisions\/6733690"}],"wp:attachment":[{"href":"https:\/\/www.upo.es\/diario\/wp-json\/wp\/v2\/media?parent=6733687"}],"wp:term":[{"taxonomy":"category","embeddable":true,"href":"https:\/\/www.upo.es\/diario\/wp-json\/wp\/v2\/categories?post=6733687"},{"taxonomy":"post_tag","embeddable":true,"href":"https:\/\/www.upo.es\/diario\/wp-json\/wp\/v2\/tags?post=6733687"}],"curies":[{"name":"wp","href":"https:\/\/api.w.org\/{rel}","templated":true}]}}