{"id":6733704,"date":"2014-11-14T02:40:34","date_gmt":"2014-11-14T02:40:34","guid":{"rendered":"https:\/\/www.upo.es\/diario\/?p=6733704"},"modified":"2014-11-14T14:24:46","modified_gmt":"2014-11-14T14:24:46","slug":"los-decanos-de-criminologia-de-espana-se-reunen-por-vez-primera-en-la-universidad-pablo-de-olavide-de-sevilla","status":"publish","type":"post","link":"https:\/\/www.upo.es\/diario\/institucional\/2014\/11\/los-decanos-de-criminologia-de-espana-se-reunen-por-vez-primera-en-la-universidad-pablo-de-olavide-de-sevilla\/","title":{"rendered":"Los decanos de Criminolog\u00eda de Espa\u00f1a se re\u00fanen por vez primera en la Universidad Pablo de Olavide, de Sevilla"},"content":{"rendered":"<figure id=\"attachment_6733706\" aria-describedby=\"caption-attachment-6733706\" style=\"width: 320px\" class=\"wp-caption alignright\"><a href=\"https:\/\/www.upo.es\/diario\/wp-content\/uploads\/2014\/11\/Decanos-Criminologia.jpg\"><img loading=\"lazy\" decoding=\"async\" class=\"size-medium wp-image-6733706\" alt=\" En la mesa, de izquierda a derecha, Juan Jos\u00e9 Hinojosa Torralvo, Andr\u00e9s Rodr\u00edguez Benot y Elena Olmos Ortega.\" src=\"https:\/\/www.upo.es\/diario\/wp-content\/uploads\/2014\/11\/Decanos-Criminologia-320x213.jpg\" width=\"320\" height=\"213\" srcset=\"https:\/\/www.upo.es\/diario\/wp-content\/uploads\/2014\/11\/Decanos-Criminologia-320x213.jpg 320w, https:\/\/www.upo.es\/diario\/wp-content\/uploads\/2014\/11\/Decanos-Criminologia-600x400.jpg 600w\" sizes=\"auto, (max-width: 320px) 100vw, 320px\" \/><\/a><figcaption id=\"caption-attachment-6733706\" class=\"wp-caption-text\">En la mesa, de izquierda a derecha, Juan Jos\u00e9 Hinojosa Torralvo, Andr\u00e9s Rodr\u00edguez Benot y Elena Olmos Ortega.<\/figcaption><\/figure>\n<p>La Universidad Pablo de Olavide acoge la primera Conferencia de Decanos\/as de Criminolog\u00eda de Espa\u00f1a, presidida por Andr\u00e9s Rodr\u00edguez Benot, decano de la Facultad de Derecho de la UPO, que se lleva a cabo una vez que han finalizado sus estudios las primeras promociones del Grado en Criminolog\u00eda.<\/p>\n<p>En esta conferencia, los decanos y decanas de Criminolog\u00eda se han dado cita para explorar las posibilidades de expansi\u00f3n de dicha titulaci\u00f3n, debatir sobre asuntos de inter\u00e9s com\u00fan frente a las entidades privadas y a las administraciones p\u00fablicas, as\u00ed como plantear l\u00edneas de trabajo en beneficio de los propios estudios y de los egresados en esta carrera para mejorar su formaci\u00f3n y su acceso al mundo profesional.<\/p>\n<p>El grado en Criminolog\u00eda, titulaci\u00f3n de creciente creaci\u00f3n en Espa\u00f1a con gran demanda, incorpora estudios transversales (de los \u00e1mbitos jur\u00eddico, forense, experimental, sociol\u00f3gico, etc.) y pretende formar a personas capaces de desempe\u00f1ar su tarea en un sector en constante auge e innovaci\u00f3n. En algunas universidades se imparte, adem\u00e1s, como doble grado, como ocurre con la UPO con el grado en Derecho.<\/p>\n","protected":false},"excerpt":{"rendered":"<p>La Universidad Pablo de Olavide acoge la primera Conferencia de Decanos\/as de Criminolog\u00eda de Espa\u00f1a, presidida por Andr\u00e9s Rodr\u00edguez Benot, decano de la Facultad de Derecho de la UPO, que se lleva a cabo una vez que han finalizado sus estudios las primeras promociones del Grado en Criminolog\u00eda.<\/p>\n","protected":false},"author":8,"featured_media":0,"comment_status":"closed","ping_status":"open","sticky":false,"template":"","format":"standard","meta":{"_monsterinsights_skip_tracking":false,"_monsterinsights_sitenote_active":false,"_monsterinsights_sitenote_note":"","_monsterinsights_sitenote_category":0,"footnotes":""},"categories":[6],"tags":[1228,532,1950,1359],"class_list":["post-6733704","post","type-post","status-publish","format-standard","hentry","category-institucional","tag-andres-rodriguez-benot","tag-criminologia","tag-decano","tag-master-de-criminologia-y-ciencias-forenses"],"_links":{"self":[{"href":"https:\/\/www.upo.es\/diario\/wp-json\/wp\/v2\/posts\/6733704","targetHints":{"allow":["GET"]}}],"collection":[{"href":"https:\/\/www.upo.es\/diario\/wp-json\/wp\/v2\/posts"}],"about":[{"href":"https:\/\/www.upo.es\/diario\/wp-json\/wp\/v2\/types\/post"}],"author":[{"embeddable":true,"href":"https:\/\/www.upo.es\/diario\/wp-json\/wp\/v2\/users\/8"}],"replies":[{"embeddable":true,"href":"https:\/\/www.upo.es\/diario\/wp-json\/wp\/v2\/comments?post=6733704"}],"version-history":[{"count":3,"href":"https:\/\/www.upo.es\/diario\/wp-json\/wp\/v2\/posts\/6733704\/revisions"}],"predecessor-version":[{"id":6733709,"href":"https:\/\/www.upo.es\/diario\/wp-json\/wp\/v2\/posts\/6733704\/revisions\/6733709"}],"wp:attachment":[{"href":"https:\/\/www.upo.es\/diario\/wp-json\/wp\/v2\/media?parent=6733704"}],"wp:term":[{"taxonomy":"category","embeddable":true,"href":"https:\/\/www.upo.es\/diario\/wp-json\/wp\/v2\/categories?post=6733704"},{"taxonomy":"post_tag","embeddable":true,"href":"https:\/\/www.upo.es\/diario\/wp-json\/wp\/v2\/tags?post=6733704"}],"curies":[{"name":"wp","href":"https:\/\/api.w.org\/{rel}","templated":true}]}}