{"id":6734439,"date":"2014-11-14T13:51:02","date_gmt":"2014-11-14T13:51:02","guid":{"rendered":"https:\/\/www.upo.es\/diario\/?p=6734439"},"modified":"2014-11-17T08:45:36","modified_gmt":"2014-11-17T08:45:36","slug":"la-upo-organiza-manana-una-jornada-de-reforestacion-en-el-corredor-verde-del-guadiamar","status":"publish","type":"post","link":"https:\/\/www.upo.es\/diario\/institucional\/2014\/11\/la-upo-organiza-manana-una-jornada-de-reforestacion-en-el-corredor-verde-del-guadiamar\/","title":{"rendered":"La UPO organiza una jornada de reforestaci\u00f3n en el Corredor Verde del Guadiamar"},"content":{"rendered":"<p><a href=\"https:\/\/www.upo.es\/diario\/wp-content\/uploads\/2014\/11\/cartel_reforestacion.jpg\"><img loading=\"lazy\" decoding=\"async\" class=\"alignright size-medium wp-image-6734440\" alt=\"cartel_reforestacion\" src=\"https:\/\/www.upo.es\/diario\/wp-content\/uploads\/2014\/11\/cartel_reforestacion-320x226.jpg\" width=\"320\" height=\"226\" srcset=\"https:\/\/www.upo.es\/diario\/wp-content\/uploads\/2014\/11\/cartel_reforestacion-320x226.jpg 320w, https:\/\/www.upo.es\/diario\/wp-content\/uploads\/2014\/11\/cartel_reforestacion-600x424.jpg 600w, https:\/\/www.upo.es\/diario\/wp-content\/uploads\/2014\/11\/cartel_reforestacion.jpg 1754w\" sizes=\"auto, (max-width: 320px) 100vw, 320px\" \/><\/a>Ma\u00f1ana s\u00e1bado, 15 de noviembre, el Corredor Verde del Guadiamar ser\u00e1 el escenario elegido para la jornada de reforestaci\u00f3n participativa que la Unidad de Cultura y Participaci\u00f3n Social del Vicerrectorado de Estudiantes, Cultura y Compromiso Social de la Universidad Pablo de Olavide, a trav\u00e9s de su l\u00ednea de actuaci\u00f3n de Salud Integral y Medioambiente, ha organizado en colaboraci\u00f3n con la asociaci\u00f3n ADECUNA de Aznalc\u00f3llar.<\/p>\n<p>El lugar elegido para la plantaci\u00f3n es el tramo norte del Corredor Verde del Guadiamar, catalogado como paisaje protegido, junto al Arroyo de Los Frailes, en Aznalc\u00f3llar. Este es el punto donde el r\u00edo Guadiamar entra en contacto con los paisajes propios de Sierra Morena. As\u00ed, El Corredor Verde posibilita que la fauna llegue hasta ese punto y que, desde ah\u00ed, acceda a la sierra y se disperse por los montes. No s\u00f3lo la fauna se beneficia del Corredor, tambi\u00e9n las plantas, tanto en sentido norte como hacia el sur, convirti\u00e9ndose en un punto de migraciones de contacto hacia ambos sentidos.<\/p>\n<p>El programa \u201cReforestaci\u00f3n Participativa\u201d aporta transporte, seguro y materiales para el desarrollo de la actividad. La salida es ma\u00f1ana a las 9 horas en el Prado de San Sebasti\u00e1n (Pabell\u00f3n de Portugal).<\/p>\n","protected":false},"excerpt":{"rendered":"<p>El Corredor Verde del Guadiamar es el escenario elegido para la jornada de reforestaci\u00f3n participativa que la Unidad de Cultura y Participaci\u00f3n Social del Vicerrectorado de Estudiantes, Cultura y Compromiso Social de la Universidad Pablo de Olavide, a trav\u00e9s de su l\u00ednea de actuaci\u00f3n de Salud Integral y Medioambiente, ha organizado en colaboraci\u00f3n con la asociaci\u00f3n ADECUNA de Aznalc\u00f3llar.<\/p>\n","protected":false},"author":8,"featured_media":0,"comment_status":"closed","ping_status":"open","sticky":false,"template":"","format":"standard","meta":{"_monsterinsights_skip_tracking":false,"_monsterinsights_sitenote_active":false,"_monsterinsights_sitenote_note":"","_monsterinsights_sitenote_category":0,"footnotes":""},"categories":[6],"tags":[194,1274,1195,514,429,394,1044,1265],"class_list":["post-6734439","post","type-post","status-publish","format-standard","hentry","category-institucional","tag-ecologia","tag-fauna","tag-flora","tag-jornada","tag-medio-ambiente","tag-participacion-social","tag-reforestacion","tag-vicerrectorado-de-estudiantes-cultura-y-compromiso-social"],"_links":{"self":[{"href":"https:\/\/www.upo.es\/diario\/wp-json\/wp\/v2\/posts\/6734439","targetHints":{"allow":["GET"]}}],"collection":[{"href":"https:\/\/www.upo.es\/diario\/wp-json\/wp\/v2\/posts"}],"about":[{"href":"https:\/\/www.upo.es\/diario\/wp-json\/wp\/v2\/types\/post"}],"author":[{"embeddable":true,"href":"https:\/\/www.upo.es\/diario\/wp-json\/wp\/v2\/users\/8"}],"replies":[{"embeddable":true,"href":"https:\/\/www.upo.es\/diario\/wp-json\/wp\/v2\/comments?post=6734439"}],"version-history":[{"count":4,"href":"https:\/\/www.upo.es\/diario\/wp-json\/wp\/v2\/posts\/6734439\/revisions"}],"predecessor-version":[{"id":6783159,"href":"https:\/\/www.upo.es\/diario\/wp-json\/wp\/v2\/posts\/6734439\/revisions\/6783159"}],"wp:attachment":[{"href":"https:\/\/www.upo.es\/diario\/wp-json\/wp\/v2\/media?parent=6734439"}],"wp:term":[{"taxonomy":"category","embeddable":true,"href":"https:\/\/www.upo.es\/diario\/wp-json\/wp\/v2\/categories?post=6734439"},{"taxonomy":"post_tag","embeddable":true,"href":"https:\/\/www.upo.es\/diario\/wp-json\/wp\/v2\/tags?post=6734439"}],"curies":[{"name":"wp","href":"https:\/\/api.w.org\/{rel}","templated":true}]}}