{"id":676214,"date":"2013-03-06T04:46:00","date_gmt":"2013-03-06T03:46:00","guid":{"rendered":"https:\/\/www.upo.es\/diario\/?p=676214"},"modified":"2013-03-06T08:11:11","modified_gmt":"2013-03-06T07:11:11","slug":"la-revista-cultural-h-de-humanidades-organiza-manana-un-encuentro-para-dar-a-conocer-sus-actividades","status":"publish","type":"post","link":"https:\/\/www.upo.es\/diario\/cultura\/2013\/03\/la-revista-cultural-h-de-humanidades-organiza-manana-un-encuentro-para-dar-a-conocer-sus-actividades\/","title":{"rendered":"La revista cultural \u2018H de Humanidades\u2019 organiza hoy un encuentro para dar a conocer sus actividades"},"content":{"rendered":"<p>\u2018H de Humanidades\u2019, iniciativa cultural de estudiantes de la Facultad de Humanidades de la UPO, presentar\u00e1 <b>hoy mi\u00e9rcoles d\u00eda 6, a las 17.30 horas en el aula B01 del edificio 24<\/b>, sus actividades a la comunidad universitaria con objeto de dar a conocer la revista digital, promover la participaci\u00f3n y organizar actividades culturales que sean de inter\u00e9s para todos.<\/p>\n<p>La <a href=\"http:\/\/hdehumanidades.wordpress.com\/\">revista cultural \u2018H de Humanidades\u2019<\/a> naci\u00f3 en 2010 con objeto de \u201cofrecer un \u00e1mbito de discusi\u00f3n y publicaci\u00f3n en el que converjan las voces de los alumnos, los investigadores y profesores, al margen de la distancia y los obst\u00e1culos que la rutina universitaria pone entre unos y otros\u201d, en palabras de Alberto Marina, profesor de Humanidades y uno de sus impulsores. Desde entonces, adem\u00e1s de ofrecer un medio de publicaci\u00f3n de textos sobre literatura, m\u00fasica y cine, \u2018H de Humanidades\u2019 ha organizado concursos de relatos o ciclos de cine en la UPO.<\/p>\n<p><b>M\u00e1s informaci\u00f3n:<\/b><\/p>\n<p><a href=\"http:\/\/hdehumanidades.wordpress.com\/\">http:\/\/hdehumanidades.wordpress.com<\/a><\/p>\n","protected":false},"excerpt":{"rendered":"<p>\u2018H de Humanidades\u2019, iniciativa cultural de estudiantes de la Facultad de Humanidades de la UPO, presentar\u00e1 hoy mi\u00e9rcoles d\u00eda 6, a las 17.30 horas en el aula B01 del edificio 24, sus actividades a la comunidad universitaria con objeto de dar a conocer la revista digital, promover la participaci\u00f3n y organizar actividades culturales que sean de inter\u00e9s para todos. <\/p>\n","protected":false},"author":6,"featured_media":0,"comment_status":"closed","ping_status":"open","sticky":false,"template":"","format":"standard","meta":{"_monsterinsights_skip_tracking":false,"_monsterinsights_sitenote_active":false,"_monsterinsights_sitenote_note":"","_monsterinsights_sitenote_category":0,"footnotes":""},"categories":[7],"tags":[21],"class_list":["post-676214","post","type-post","status-publish","format-standard","hentry","category-cultura","tag-estudiantes"],"_links":{"self":[{"href":"https:\/\/www.upo.es\/diario\/wp-json\/wp\/v2\/posts\/676214","targetHints":{"allow":["GET"]}}],"collection":[{"href":"https:\/\/www.upo.es\/diario\/wp-json\/wp\/v2\/posts"}],"about":[{"href":"https:\/\/www.upo.es\/diario\/wp-json\/wp\/v2\/types\/post"}],"author":[{"embeddable":true,"href":"https:\/\/www.upo.es\/diario\/wp-json\/wp\/v2\/users\/6"}],"replies":[{"embeddable":true,"href":"https:\/\/www.upo.es\/diario\/wp-json\/wp\/v2\/comments?post=676214"}],"version-history":[{"count":3,"href":"https:\/\/www.upo.es\/diario\/wp-json\/wp\/v2\/posts\/676214\/revisions"}],"predecessor-version":[{"id":676216,"href":"https:\/\/www.upo.es\/diario\/wp-json\/wp\/v2\/posts\/676214\/revisions\/676216"}],"wp:attachment":[{"href":"https:\/\/www.upo.es\/diario\/wp-json\/wp\/v2\/media?parent=676214"}],"wp:term":[{"taxonomy":"category","embeddable":true,"href":"https:\/\/www.upo.es\/diario\/wp-json\/wp\/v2\/categories?post=676214"},{"taxonomy":"post_tag","embeddable":true,"href":"https:\/\/www.upo.es\/diario\/wp-json\/wp\/v2\/tags?post=676214"}],"curies":[{"name":"wp","href":"https:\/\/api.w.org\/{rel}","templated":true}]}}