{"id":676504,"date":"2013-03-05T15:58:07","date_gmt":"2013-03-05T14:58:07","guid":{"rendered":"https:\/\/www.upo.es\/diario\/?p=676504"},"modified":"2013-03-05T16:35:29","modified_gmt":"2013-03-05T15:35:29","slug":"una-comision-mixta-gobierno-universidades-estudiara-el-informe-sobre-las-reformas-universitarias","status":"publish","type":"post","link":"https:\/\/www.upo.es\/diario\/institucional\/2013\/03\/una-comision-mixta-gobierno-universidades-estudiara-el-informe-sobre-las-reformas-universitarias\/","title":{"rendered":"Comunicado de la CRUE tras el Consejo de Universidades"},"content":{"rendered":"<p>Tras la reuni\u00f3n del Consejo de Universidades celebrada ayer lunes, 4 de marzo, la CRUE ha manifestado su compromiso con la permanente mejora del Sistema Universitario Espa\u00f1ol con el fin de contribuir de forma m\u00e1s amplia y eficaz al progreso y bienestar de la sociedad espa\u00f1ola.<\/p>\n<p>El Consejo de Universidades ha sido informado, entre otras cuestiones, del documento <i>\u201cPropuestas para la reforma y mejora de la calidad y eficiencia del sistema universitario espa\u00f1ol<\/i>\u201d, elaborado por una comisi\u00f3n de expertos designada por el Ministro de Educaci\u00f3n, Cultura y Deporte, Jos\u00e9 Ignacio Wert. La CRUE ha realizado al respecto una valoraci\u00f3n inicial en la que ha identificado algunas propuestas operativas junto a otras de aplicabilidad dudosa, tanto desde el punto de vista jur\u00eddico como financiero. El Consejo de Universidades ha acordado el estudio de dicho informe, adem\u00e1s de otros disponibles, en relaci\u00f3n con propuestas de mejora del Sistema Universitario Espa\u00f1ol con el fin de definir las posibles l\u00edneas de reforma.<\/p>\n<p>Para ello, se ha constituido una comisi\u00f3n mixta, Gobierno-Universidades, cuya creaci\u00f3n la CRUE la valora positivamente, con participaci\u00f3n de representantes de los ministerios con responsabilidad pol\u00edtica y econ\u00f3mica en el \u00e1mbito de las universidades e investigaci\u00f3n, as\u00ed como de la propia CRUE.<\/p>\n<p>El trabajo de an\u00e1lisis conjunto debe ser compatible con la necesaria introducci\u00f3n, por parte del Gobierno, de los cambios legislativos inmediatos que permitan superar lo que hoy significa un ahogo del funcionamiento de la universidad. La CRUE est\u00e1 especialmente preocupada por la actual situaci\u00f3n econ\u00f3mica de la totalidad de las universidades, as\u00ed como por el mantenimiento estructural de las severas restricciones normativas introducidas en las pol\u00edticas de personal y por el posible perjuicio de la igualdad de oportunidades en el acceso a lo estudios universitarios.<\/p>\n","protected":false},"excerpt":{"rendered":"<p>Tras la reuni\u00f3n del Consejo de Universidades celebrada ayer lunes, 4 de marzo, la CRUE ha manifestado su compromiso con la permanente mejora del Sistema Universitario Espa\u00f1ol con el fin de contribuir de forma m\u00e1s amplia y eficaz al progreso y bienestar de la sociedad espa\u00f1ola.<\/p>\n","protected":false},"author":4,"featured_media":0,"comment_status":"closed","ping_status":"open","sticky":false,"template":"","format":"standard","meta":{"_monsterinsights_skip_tracking":false,"_monsterinsights_sitenote_active":false,"_monsterinsights_sitenote_note":"","_monsterinsights_sitenote_category":0,"footnotes":""},"categories":[6],"tags":[37,144,243,244],"class_list":["post-676504","post","type-post","status-publish","format-standard","hentry","category-institucional","tag-comunicado","tag-crisis","tag-crue","tag-ministerio-de-educacion"],"_links":{"self":[{"href":"https:\/\/www.upo.es\/diario\/wp-json\/wp\/v2\/posts\/676504","targetHints":{"allow":["GET"]}}],"collection":[{"href":"https:\/\/www.upo.es\/diario\/wp-json\/wp\/v2\/posts"}],"about":[{"href":"https:\/\/www.upo.es\/diario\/wp-json\/wp\/v2\/types\/post"}],"author":[{"embeddable":true,"href":"https:\/\/www.upo.es\/diario\/wp-json\/wp\/v2\/users\/4"}],"replies":[{"embeddable":true,"href":"https:\/\/www.upo.es\/diario\/wp-json\/wp\/v2\/comments?post=676504"}],"version-history":[{"count":6,"href":"https:\/\/www.upo.es\/diario\/wp-json\/wp\/v2\/posts\/676504\/revisions"}],"predecessor-version":[{"id":676506,"href":"https:\/\/www.upo.es\/diario\/wp-json\/wp\/v2\/posts\/676504\/revisions\/676506"}],"wp:attachment":[{"href":"https:\/\/www.upo.es\/diario\/wp-json\/wp\/v2\/media?parent=676504"}],"wp:term":[{"taxonomy":"category","embeddable":true,"href":"https:\/\/www.upo.es\/diario\/wp-json\/wp\/v2\/categories?post=676504"},{"taxonomy":"post_tag","embeddable":true,"href":"https:\/\/www.upo.es\/diario\/wp-json\/wp\/v2\/tags?post=676504"}],"curies":[{"name":"wp","href":"https:\/\/api.w.org\/{rel}","templated":true}]}}