{"id":676511,"date":"2013-03-05T17:18:49","date_gmt":"2013-03-05T17:18:49","guid":{"rendered":"https:\/\/www.upo.es\/diario\/?p=676511"},"modified":"2013-03-06T15:35:02","modified_gmt":"2013-03-06T15:35:02","slug":"la-universidad-pablo-de-olavide-rinde-un-emotivo-homenaje-a-carmen-calleja-de-pablo","status":"publish","type":"post","link":"https:\/\/www.upo.es\/diario\/institucional\/2013\/03\/la-universidad-pablo-de-olavide-rinde-un-emotivo-homenaje-a-carmen-calleja-de-pablo\/","title":{"rendered":"La Universidad Pablo de Olavide rinde un emotivo homenaje a Carmen Calleja de Pablo"},"content":{"rendered":"<figure id=\"attachment_676512\" aria-describedby=\"caption-attachment-676512\" style=\"width: 320px\" class=\"wp-caption alignright\"><a href=\"https:\/\/www.upo.es\/diario\/wp-content\/uploads\/2013\/03\/homenajeccalleja1.jpg\"><img loading=\"lazy\" decoding=\"async\" class=\"size-medium wp-image-676512 \" alt=\"Vicente C. Guzm\u00e1n durante el homenaje a Carmen Calleja\" src=\"https:\/\/www.upo.es\/diario\/wp-content\/uploads\/2013\/03\/homenajeccalleja1-320x213.jpg\" width=\"320\" height=\"213\" srcset=\"https:\/\/www.upo.es\/diario\/wp-content\/uploads\/2013\/03\/homenajeccalleja1-320x213.jpg 320w, https:\/\/www.upo.es\/diario\/wp-content\/uploads\/2013\/03\/homenajeccalleja1-1024x682.jpg 1024w, https:\/\/www.upo.es\/diario\/wp-content\/uploads\/2013\/03\/homenajeccalleja1-600x400.jpg 600w\" sizes=\"auto, (max-width: 320px) 100vw, 320px\" \/><\/a><figcaption id=\"caption-attachment-676512\" class=\"wp-caption-text\">El acto ha sido presidido por el rector de la UPO Vicente Guzm\u00e1n Fluja<\/figcaption><\/figure>\n<p><iframe loading=\"lazy\" src=\"http:\/\/www.youtube.com\/embed\/4AScanhjFZw?list=PLAAF8310ABFE18809\" height=\"197\" width=\"350\" allowfullscreen=\"\" frameborder=\"0\" marginwidth=\"15px\" align=\"right\"><\/iframe><\/p>\n<p>La Universidad Pablo de Olavide ha rendido hoy martes un emotivo homenaje a la que fuera presidenta del Consejo Social de esta universidad, Carmen Calleja de Pablo, fallecida el pasado 31 de diciembre y que en palabras del rector de la UPO, Vicente Guzm\u00e1n Fluja, \u201cfue una persona con una vocaci\u00f3n de aut\u00e9ntico servicio p\u00fablico y enorme compromiso social\u201d.<\/p>\n<p>As\u00ed se ha expresado el rector de la UPO en un acto celebrado en el Paraninfo de esta universidad que ha sido presentado por el secretario del Consejo Social de la Universidad Pablo de Olavide, Juan Antonio Mart\u00ednez Troncoso, y en el que tambi\u00e9n han intervenido el secretario general de Universidades, Investigaci\u00f3n y Tecnolog\u00eda, Francisco Triguero; la presidenta en funciones del Consejo Social de la UPO, Amparo Rubiales; el presidente del Foro Andaluz de Consejos Sociales, Gregorio Vicente Jim\u00e9nez; el secretario del Consejo Social de la Universidad de Ja\u00e9n, Manuel Anguita Perag\u00f3n, y el primer presidente del Consejo Social de la UPO, Antonio Ojeda.<\/p>\n<p>El acto, al que tambi\u00e9n han asistido familiares y amigos de Carmen Calleja, los presidentes y secretarios de los Consejos Sociales de las Universidades Andaluzas, as\u00ed como autoridades acad\u00e9micas, civiles y miembros de la comunidad universitaria, ha comenzado con la emisi\u00f3n de un v\u00eddeo homenaje, en el que, a trav\u00e9s de diferentes fotograf\u00edas, se ha recordado el paso de Carmen Calleja por la Universidad Pablo de Olavide.<\/p>\n<p>El rector de la UPO, al igual que el resto de intervinientes, ha tenido palabras de cari\u00f1o para la homenajeada, de quien ha afirmado que \u201csi echo en falta algo de Carmen Calleja, es que a su lado hubiera podido aprender mucho. Su experiencia y su capacidad me habr\u00edan ayudado a ser mejor rector y mejor persona\u201d.<\/p>\n<p>Para el secretario general de Universidades, Carmen Calleja ha sido \u201cuna figura de marcada trascendencia para el desarrollo no solo de la Universidad, sino de Andaluc\u00eda\u201d, y para el fomento del papel de los consejos sociales de las universidades p\u00fablicas.<\/p>\n<p>Por su parte, Antonio Ojeda, primer presidente del Consejo Social de la UPO y amigo personal de Carmen Calleja, ha subrayado su satisfacci\u00f3n de \u201cque me sucediera al frente del Consejo Social de la Universidad Pablo de Olavide\u201d, y ha afirmado que \u201cCarmen ten\u00eda el gran valor de que siendo una militante del PSOE, manten\u00eda una libertad de criterio que era digna de encomio\u201d.<\/p>\n<p><b>EMOTIVA INTERVENCI\u00d3N<\/b><\/p>\n<p>Especialmente emotiva ha sido la intervenci\u00f3n de Amparo Rubiales, quien ha afirmado de su \u201camiga y compa\u00f1era del alma\u201d que \u201ca Carmen siempre le interes\u00f3 la pol\u00edtica con may\u00fascula, no la de bajos vuelos, y nunca us\u00f3 su carrera pol\u00edtica en beneficio propio\u201d. La presidenta en funciones del Consejo Social de la UPO, quien ha trazado un emocionado recorrido por sus vidas paralelas y su amistad, ha le\u00eddo unas palabras en nombre de Jos\u00e9 Antonio Gri\u00f1\u00e1n, presidente de la Junta y amigo de la homenajeada: \u201cLibertad es la palabra que conviene a Carmen, la suya, la de los dem\u00e1s\u201d, ha dicho Rubiales en nombre de Gri\u00f1\u00e1n.<\/p>\n<p>Tambi\u00e9n de libertad ha hablado el secretario del Consejo Social de la UPO y presentador del acto, Juan Antonio Mart\u00ednez Troncoso, para quien Calleja ha sido \u201cuna mujer con may\u00fasculas. Su fragilidad f\u00edsica, paradoja de su fuerza de car\u00e1cter y sentido de la libertad\u201d, ha dicho Troncoso. Tambi\u00e9n ha intervenido el secretario del Consejo Social de la Universidad de Ja\u00e9n, Manuel Anguita, quien se ha referido a la \u201csuerte de los que reforzamos nuestro saber en la vida de la mano de personas como Carmen\u201d, de quien ha dicho adem\u00e1s que \u201cla democracia en Ja\u00e9n le debe mucho\u201d.<\/p>\n<p>De otro lado, el presidente del Consejo Social de Granada y del Foro de Consejos Sociales de Andaluc\u00eda, Gregorio Jim\u00e9nez, ha expresado en nombre del Foro \u201cnuestro respeto y admiraci\u00f3n por Carmen Calleja\u201d, mostrando sus condolencias a su familia, presente en el acto, sus amigos, al Consejo Social de la UPO, cuyos vocales tambi\u00e9n han asistido, y a la Universidad Pablo de Olavide.<\/p>\n<p>____________________________________________________<\/p>\n<p><b>Carmen Calleja de Pablo<\/b>, licenciada en Derecho por la Universidad de Sevilla, fue presidenta del Consejo Social de la Universidad Pablo de Olavide desde junio 2009 hasta diciembre de 2012 y miembro\u00a0de su Fundaci\u00f3n Conocimiento y Cultura. Perteneci\u00f3 a diversos consejos de administraci\u00f3n y a la junta directiva de las asociaciones Clara Campoamor y\u00a0 de Ex Diputados y Ex Senadores. T\u00e9cnico urbanista por el Instituto Nacional de Administraci\u00f3n P\u00fablica, diplomada en Alta Direcci\u00f3n por el Instituto Internacional San Telmo \u00a0y diplomada en Altos Estudios de la Defensa, perteneci\u00f3 a la Comisi\u00f3n de Cultura de la Confederaci\u00f3n Andaluza de Empresa. Entre los puestos de responsabilidad que ha ejercido, fue gerente de la Empresa Municipal de Transportes Urbanos de Sevilla, viceconsejera de Gobernaci\u00f3n de la Junta de Andaluc\u00eda, viceconsejera de Presidencia de la Junta de Andaluc\u00eda, jefe de Gabinete del Presidente de la Junta de Andaluc\u00eda y directora general del Instituto Andaluz de la Funci\u00f3n P\u00fablica. Adem\u00e1s, Carmen Calleja fue presidenta de la Cruz Roja de Sevilla, gobernadora civil de Ja\u00e9n, diputada en el Congreso y presidenta de la Secci\u00f3n de Asuntos Pol\u00edticos del Ateneo de Sevilla.<\/p>\n","protected":false},"excerpt":{"rendered":"<p>La Universidad Pablo de Olavide ha rendido un emotivo homenaje a la que fuera presidenta del Consejo Social de esta universidad, Carmen Calleja de Pablo, fallecida el pasado 31 de diciembre y que en palabras del rector de la UPO, Vicente Guzm\u00e1n Fluja, \u201cfue una persona con una vocaci\u00f3n de aut\u00e9ntico servicio p\u00fablico y enorme compromiso social\u201d.<\/p>\n","protected":false},"author":6,"featured_media":0,"comment_status":"closed","ping_status":"open","sticky":false,"template":"","format":"standard","meta":{"_monsterinsights_skip_tracking":false,"_monsterinsights_sitenote_active":false,"_monsterinsights_sitenote_note":"","_monsterinsights_sitenote_category":0,"footnotes":""},"categories":[6],"tags":[309,308,38,106],"class_list":["post-676511","post","type-post","status-publish","format-standard","hentry","category-institucional","tag-carmen-calleja","tag-homenaje","tag-rector","tag-vicente-c-guzman"],"_links":{"self":[{"href":"https:\/\/www.upo.es\/diario\/wp-json\/wp\/v2\/posts\/676511","targetHints":{"allow":["GET"]}}],"collection":[{"href":"https:\/\/www.upo.es\/diario\/wp-json\/wp\/v2\/posts"}],"about":[{"href":"https:\/\/www.upo.es\/diario\/wp-json\/wp\/v2\/types\/post"}],"author":[{"embeddable":true,"href":"https:\/\/www.upo.es\/diario\/wp-json\/wp\/v2\/users\/6"}],"replies":[{"embeddable":true,"href":"https:\/\/www.upo.es\/diario\/wp-json\/wp\/v2\/comments?post=676511"}],"version-history":[{"count":14,"href":"https:\/\/www.upo.es\/diario\/wp-json\/wp\/v2\/posts\/676511\/revisions"}],"predecessor-version":[{"id":676526,"href":"https:\/\/www.upo.es\/diario\/wp-json\/wp\/v2\/posts\/676511\/revisions\/676526"}],"wp:attachment":[{"href":"https:\/\/www.upo.es\/diario\/wp-json\/wp\/v2\/media?parent=676511"}],"wp:term":[{"taxonomy":"category","embeddable":true,"href":"https:\/\/www.upo.es\/diario\/wp-json\/wp\/v2\/categories?post=676511"},{"taxonomy":"post_tag","embeddable":true,"href":"https:\/\/www.upo.es\/diario\/wp-json\/wp\/v2\/tags?post=676511"}],"curies":[{"name":"wp","href":"https:\/\/api.w.org\/{rel}","templated":true}]}}