{"id":678053,"date":"2013-03-06T13:38:15","date_gmt":"2013-03-06T13:38:15","guid":{"rendered":"https:\/\/www.upo.es\/diario\/?p=678053"},"modified":"2025-02-17T09:46:37","modified_gmt":"2025-02-17T08:46:37","slug":"la-corteza-prefrontal-del-cerebro-permite-o-inhibe-la-realizacion-de-comportamientos-selectivos-en-funcion-de-las-condiciones-del-entorno","status":"publish","type":"post","link":"https:\/\/www.upo.es\/diario\/ciencia\/2013\/03\/la-corteza-prefrontal-del-cerebro-permite-o-inhibe-la-realizacion-de-comportamientos-selectivos-en-funcion-de-las-condiciones-del-entorno\/","title":{"rendered":"La corteza prefrontal del cerebro permite o inhibe la realizaci\u00f3n de comportamientos selectivos en funci\u00f3n de las condiciones del entorno"},"content":{"rendered":"<figure id=\"attachment_678054\" aria-describedby=\"caption-attachment-678054\" style=\"width: 750px\" class=\"wp-caption aligncenter\"><a href=\"https:\/\/www.upo.es\/diario\/wp-content\/uploads\/2013\/03\/inves_cortexprefrontal.jpg\"><img loading=\"lazy\" decoding=\"async\" class=\"wp-image-678054 size-large\" src=\"https:\/\/www.upo.es\/diario\/wp-content\/uploads\/2013\/03\/inves_cortexprefrontal-1024x682.jpg\" alt=\"En la foto, los autores del estudio Agn\u00e8s Gruart, Jos\u00e9 Mar\u00eda Delgado y Roc\u00edo Leal \" width=\"750\" height=\"500\" srcset=\"https:\/\/www.upo.es\/diario\/wp-content\/uploads\/2013\/03\/inves_cortexprefrontal-1024x682.jpg 1024w, https:\/\/www.upo.es\/diario\/wp-content\/uploads\/2013\/03\/inves_cortexprefrontal-320x213.jpg 320w, https:\/\/www.upo.es\/diario\/wp-content\/uploads\/2013\/03\/inves_cortexprefrontal-600x400.jpg 600w\" sizes=\"auto, (max-width: 750px) 100vw, 750px\" \/><\/a><figcaption id=\"caption-attachment-678054\" class=\"wp-caption-text\">En la foto, los autores del estudio Agn\u00e8s Gruart, Jos\u00e9 Mar\u00eda Delgado y Roc\u00edo Leal<\/figcaption><\/figure>\n<p>La corteza prefrontal del cerebro permite o inhibe la realizaci\u00f3n de comportamientos selectivos, que surgen como respuesta a la hora de decidir c\u00f3mo enfrentarnos ante una determinada situaci\u00f3n. Este es uno de los hallazgos a los que ha llegado un<strong> equipo de investigadores de la Divisi\u00f3n de Neurociencias de la Universidad Pablo de Olavide<\/strong>. En su estudio, <a title=\"Portada del \u00faltimo n\u00famero de la revista The Journal of Neuroscience\" href=\"https:\/\/www.upo.es\/diario\/wp-content\/uploads\/2013\/03\/journal_neuroscience_marzo2013_portada.jpg\" target=\"_blank\" rel=\"noopener\">portada del \u00faltimo n\u00famero de la revista <i>The Journal of Neuroscience<\/i><\/a>, demuestran que el c\u00f3rtex prefrontal modifica su actividad el\u00e9ctrica en funci\u00f3n de los posibles comportamientos que se pueden realizar en una situaci\u00f3n, y seg\u00fan las circunstancias ambientales, a fin de permitir la liberaci\u00f3n de su expresi\u00f3n en las condiciones espaciales y ventanas temporales m\u00e1s adecuadas.<\/p>\n<figure id=\"attachment_679571\" aria-describedby=\"caption-attachment-679571\" style=\"width: 255px\" class=\"wp-caption alignright\"><a href=\"https:\/\/www.upo.es\/diario\/wp-content\/uploads\/2013\/03\/journal_neuroscience_marzo2013_portada.jpg\"><img loading=\"lazy\" decoding=\"async\" class=\"size-medium wp-image-679571 \" src=\"https:\/\/www.upo.es\/diario\/wp-content\/uploads\/2013\/03\/journal_neuroscience_marzo2013_portada-255x320.jpg\" alt=\"The Journal of Neuroscience - Portada del 6 de marzo\" width=\"255\" height=\"320\" srcset=\"https:\/\/www.upo.es\/diario\/wp-content\/uploads\/2013\/03\/journal_neuroscience_marzo2013_portada-255x320.jpg 255w, https:\/\/www.upo.es\/diario\/wp-content\/uploads\/2013\/03\/journal_neuroscience_marzo2013_portada-818x1024.jpg 818w, https:\/\/www.upo.es\/diario\/wp-content\/uploads\/2013\/03\/journal_neuroscience_marzo2013_portada-600x750.jpg 600w\" sizes=\"auto, (max-width: 255px) 100vw, 255px\" \/><\/a><figcaption id=\"caption-attachment-679571\" class=\"wp-caption-text\">The Journal of Neuroscience &#8211; Portada del 6 de marzo<\/figcaption><\/figure>\n<p>\u201cAlgunos animales como el conejo, el rat\u00f3n o la rata, tienen la capacidad de paralizarse ante alg\u00fan peligro, lo cual no quiere decir que no sigan pensando c\u00f3mo afrontarlo\u201d, se\u00f1alan los autores <strong>Roc\u00edo Leal, Jos\u00e9 Mar\u00eda Delgado y Agn\u00e8s Gruart<\/strong>. En un estudio anterior, publicado por la revista PNAS, estos investigadores demostraron que esta situaci\u00f3n, denominada \u201creacci\u00f3n de congelamiento\u201d, no es un simple bloqueo moment\u00e1neo, sino una reacci\u00f3n a trav\u00e9s de la cual el animal busca las distintas posibilidades que tiene para poder escapar de dicho peligro.<\/p>\n<p>\u201cEn un experimento previo, demostramos que la corteza prefrontal, al incidir en ella cierto est\u00edmulo, bloquea la salida motora, pero no el pensamiento o el aprendizaje, ya que seg\u00fan los resultados obtenidos, al retirar el est\u00edmulo el\u00e9ctrico el animal tiene un porcentaje de aprendizaje del 100 por ciento\u201d, se\u00f1alan los investigadores. Un hallazgo que aport\u00f3 luz sobre la parte m\u00e1s rostral del cerebro, el c\u00f3rtex prefrontal, relacionada con complejos mecanismos electivos, es decir, cuando hay que decidir entre hacer una cosa u otra, o si es conveniente o pernicioso que se lleve a cabo determinada actividad.<\/p>\n<p>En el presente estudio, los investigadores de la Divisi\u00f3n de Neurociencias de la Universidad Pablo de Olavide dan un paso m\u00e1s, demostrando que la actividad de las neuronas prefrontales se incrementa cuando se trata de evitar que se realice un comportamiento determinado, pero disminuye en el momento en que dicho comportamiento se hace realidad, es decir, se realiza. En el mismo art\u00edculo se demuestra que la activaci\u00f3n el\u00e9ctrica artificial de dicha corteza cerebral bloquea la expresi\u00f3n de comportamientos, mientras que su inhibici\u00f3n qu\u00edmica permite que estos se realicen con mayor antelaci\u00f3n.<\/p>\n","protected":false},"excerpt":{"rendered":"<p>La corteza prefrontal del cerebro permite o inhibe la realizaci\u00f3n de comportamientos selectivos, que surgen como respuesta a la hora de decidir c\u00f3mo enfrentarnos ante una determinada situaci\u00f3n. Este es uno de los hallazgos a los que ha llegado un equipo de investigadores de la Divisi\u00f3n de Neurociencias de la Universidad Pablo de Olavide, portada del \u00faltimo n\u00famero de la revista The Journal of Neuroscience.<\/p>\n","protected":false},"author":2,"featured_media":678054,"comment_status":"closed","ping_status":"open","sticky":false,"template":"","format":"standard","meta":{"_monsterinsights_skip_tracking":false,"_monsterinsights_sitenote_active":false,"_monsterinsights_sitenote_note":"","_monsterinsights_sitenote_category":0,"footnotes":""},"categories":[3],"tags":[219,56,114],"class_list":["post-678053","post","type-post","status-publish","format-standard","has-post-thumbnail","hentry","category-ciencia","tag-division-de-neurociencias","tag-investigacion","tag-neurociencia"],"_links":{"self":[{"href":"https:\/\/www.upo.es\/diario\/wp-json\/wp\/v2\/posts\/678053","targetHints":{"allow":["GET"]}}],"collection":[{"href":"https:\/\/www.upo.es\/diario\/wp-json\/wp\/v2\/posts"}],"about":[{"href":"https:\/\/www.upo.es\/diario\/wp-json\/wp\/v2\/types\/post"}],"author":[{"embeddable":true,"href":"https:\/\/www.upo.es\/diario\/wp-json\/wp\/v2\/users\/2"}],"replies":[{"embeddable":true,"href":"https:\/\/www.upo.es\/diario\/wp-json\/wp\/v2\/comments?post=678053"}],"version-history":[{"count":12,"href":"https:\/\/www.upo.es\/diario\/wp-json\/wp\/v2\/posts\/678053\/revisions"}],"predecessor-version":[{"id":30885291,"href":"https:\/\/www.upo.es\/diario\/wp-json\/wp\/v2\/posts\/678053\/revisions\/30885291"}],"wp:featuredmedia":[{"embeddable":true,"href":"https:\/\/www.upo.es\/diario\/wp-json\/wp\/v2\/media\/678054"}],"wp:attachment":[{"href":"https:\/\/www.upo.es\/diario\/wp-json\/wp\/v2\/media?parent=678053"}],"wp:term":[{"taxonomy":"category","embeddable":true,"href":"https:\/\/www.upo.es\/diario\/wp-json\/wp\/v2\/categories?post=678053"},{"taxonomy":"post_tag","embeddable":true,"href":"https:\/\/www.upo.es\/diario\/wp-json\/wp\/v2\/tags?post=678053"}],"curies":[{"name":"wp","href":"https:\/\/api.w.org\/{rel}","templated":true}]}}