{"id":6784627,"date":"2014-11-13T11:37:18","date_gmt":"2014-11-13T11:37:18","guid":{"rendered":"https:\/\/www.upo.es\/diario\/?p=6784627"},"modified":"2014-11-17T12:12:23","modified_gmt":"2014-11-17T12:12:23","slug":"la-universidad-pablo-de-olavide-acoge-las-jornadas-la-seguridad-es-cosa-de-tods","status":"publish","type":"post","link":"https:\/\/www.upo.es\/diario\/institucional\/2014\/11\/la-universidad-pablo-de-olavide-acoge-las-jornadas-la-seguridad-es-cosa-de-tods\/","title":{"rendered":"La Universidad Pablo de Olavide acoge las jornadas \u201cLa seguridad es cosa de tod@s\u201d"},"content":{"rendered":"<figure id=\"attachment_678536\" aria-describedby=\"caption-attachment-678536\" style=\"width: 600px\" class=\"wp-caption aligncenter\"><a href=\"https:\/\/www.upo.es\/diario\/wp-content\/uploads\/2014\/11\/Jornadas_Seguridad_1.jpg\"><img loading=\"lazy\" decoding=\"async\" class=\"size-large wp-image-6785362 \" alt=\"Jornadas_Seguridad_1\" src=\"https:\/\/www.upo.es\/diario\/wp-content\/uploads\/2014\/11\/Jornadas_Seguridad_1-600x450.jpg\" width=\"600\" height=\"450\" srcset=\"https:\/\/www.upo.es\/diario\/wp-content\/uploads\/2014\/11\/Jornadas_Seguridad_1-600x450.jpg 600w, https:\/\/www.upo.es\/diario\/wp-content\/uploads\/2014\/11\/Jornadas_Seguridad_1-320x240.jpg 320w\" sizes=\"auto, (max-width: 600px) 100vw, 600px\" \/><\/a><figcaption id=\"caption-attachment-678536\" class=\"wp-caption-text\">El vicerrector de Postgrado, Formaci\u00f3n Permanente y Empleo de la UPO, Miguel \u00c1ngel Gual junto a Victor Ba\u00f1uls, director acad\u00e9mico del M\u00e1ster en Sistemas Integrados y Antonio Laguillo, socio fundador de APROSIP<\/figcaption><\/figure>\n<p>La Universidad Pablo de Olavide\u00a0 acogi\u00f3 ayer las Jornadas \u201cLa seguridad es cosa de tod@s\u201d, un acto presidido por el vicerrector de Postgrado, Formaci\u00f3n Permanente y Empleo, Miguel \u00c1ngel Gual Font, y organizado por el curso de<\/p>\n<figure id=\"attachment_678529\" aria-describedby=\"caption-attachment-678529\" style=\"width: 320px\" class=\"wp-caption alignright\"><a href=\"https:\/\/www.upo.es\/diario\/wp-content\/uploads\/2014\/11\/Jornadas_Seguridad_2.jpg\"><img loading=\"lazy\" decoding=\"async\" class=\"size-medium wp-image-6785299\" alt=\"Jornadas_Seguridad_2\" src=\"https:\/\/www.upo.es\/diario\/wp-content\/uploads\/2014\/11\/Jornadas_Seguridad_2-320x240.jpg\" width=\"320\" height=\"240\" srcset=\"https:\/\/www.upo.es\/diario\/wp-content\/uploads\/2014\/11\/Jornadas_Seguridad_2-320x240.jpg 320w, https:\/\/www.upo.es\/diario\/wp-content\/uploads\/2014\/11\/Jornadas_Seguridad_2-600x450.jpg 600w\" sizes=\"auto, (max-width: 320px) 100vw, 320px\" \/><\/a><figcaption id=\"caption-attachment-678529\" class=\"wp-caption-text\">Varios de los ponentes que han abordado la gesti\u00f3n de la seguirdad desde distintas perspectivas<\/figcaption><\/figure>\n<p>formaci\u00f3n especializada en Direcci\u00f3n de Seguridad de la UPO junto a la Asociaci\u00f3n APROSIP.<\/p>\n<p>Tras el acto de inauguraci\u00f3n, se celebraron varias ponencias en las que se\u00a0 abordaron los retos y oportunidades de la gesti\u00f3n de la seguridad desde distintas perspectivas y en las que\u00a0 intervenieron Jos\u00e9 Antonio Varela Gonz\u00e1lez, director general de Interior, Emergencias y Protecci\u00f3n Civil de la Junta de Andaluc\u00eda; Luis Pe\u00f1a S\u00e1nchez, responsable de Protecci\u00f3n Civil, Seguridad y Prevenci\u00f3n del Metro de Sevilla; Antonio Laguillo Cadenas, socio fundador de APROSIP; Domingo Cabrera Rivera, jefe de la Unidad de Seguridad Privada de Sevilla y Amador Alcalde Vaquero, capit\u00e1n de la Unidad Militar de Emergencias.<\/p>\n<p>Estas jornadas, a las que\u00a0 asistieron m\u00e1s de setenta profesionales del sector, han contado con la colaboraci\u00f3n del M\u00e1ster en Sistemas Integrados de Gesti\u00f3n de la Universidad Pablo de Olavide e IPG.<\/p>\n<p>&nbsp;<\/p>\n<p>&nbsp;<\/p>\n<p>&nbsp;<\/p>\n","protected":false},"excerpt":{"rendered":"<p>La Universidad Pablo de Olavide  acogi\u00f3 ayer las Jornadas \u201cLa seguridad es cosa de tod@s\u201d, un acto presidido por el vicerrector de Postgrado, Formaci\u00f3n Permanente y Empleo, Miguel \u00c1ngel Gual Font, y organizado por el curso de formaci\u00f3n especializada en Direcci\u00f3n de Seguridad de la UPO junto a la Asociaci\u00f3n APROSIP.<\/p>\n","protected":false},"author":9,"featured_media":0,"comment_status":"closed","ping_status":"open","sticky":false,"template":"","format":"standard","meta":{"_monsterinsights_skip_tracking":false,"_monsterinsights_sitenote_active":false,"_monsterinsights_sitenote_note":"","_monsterinsights_sitenote_category":0,"footnotes":""},"categories":[6],"tags":[],"class_list":["post-6784627","post","type-post","status-publish","format-standard","hentry","category-institucional"],"_links":{"self":[{"href":"https:\/\/www.upo.es\/diario\/wp-json\/wp\/v2\/posts\/6784627","targetHints":{"allow":["GET"]}}],"collection":[{"href":"https:\/\/www.upo.es\/diario\/wp-json\/wp\/v2\/posts"}],"about":[{"href":"https:\/\/www.upo.es\/diario\/wp-json\/wp\/v2\/types\/post"}],"author":[{"embeddable":true,"href":"https:\/\/www.upo.es\/diario\/wp-json\/wp\/v2\/users\/9"}],"replies":[{"embeddable":true,"href":"https:\/\/www.upo.es\/diario\/wp-json\/wp\/v2\/comments?post=6784627"}],"version-history":[{"count":5,"href":"https:\/\/www.upo.es\/diario\/wp-json\/wp\/v2\/posts\/6784627\/revisions"}],"predecessor-version":[{"id":6785364,"href":"https:\/\/www.upo.es\/diario\/wp-json\/wp\/v2\/posts\/6784627\/revisions\/6785364"}],"wp:attachment":[{"href":"https:\/\/www.upo.es\/diario\/wp-json\/wp\/v2\/media?parent=6784627"}],"wp:term":[{"taxonomy":"category","embeddable":true,"href":"https:\/\/www.upo.es\/diario\/wp-json\/wp\/v2\/categories?post=6784627"},{"taxonomy":"post_tag","embeddable":true,"href":"https:\/\/www.upo.es\/diario\/wp-json\/wp\/v2\/tags?post=6784627"}],"curies":[{"name":"wp","href":"https:\/\/api.w.org\/{rel}","templated":true}]}}