{"id":679648,"date":"2013-03-07T09:06:30","date_gmt":"2013-03-07T09:06:30","guid":{"rendered":"https:\/\/www.upo.es\/diario\/?p=679648"},"modified":"2013-03-07T09:06:30","modified_gmt":"2013-03-07T09:06:30","slug":"la-creacion-de-empresas-culturales-hoy-en-la-tercera-sesion-del-seminario-gestion-y-difusion-del-patrimonio-cultural-local","status":"publish","type":"post","link":"https:\/\/www.upo.es\/diario\/cultura\/2013\/03\/la-creacion-de-empresas-culturales-hoy-en-la-tercera-sesion-del-seminario-gestion-y-difusion-del-patrimonio-cultural-local\/","title":{"rendered":"La creaci\u00f3n de empresas culturales, hoy en la tercera sesi\u00f3n del seminario \u201cGesti\u00f3n y Difusi\u00f3n del Patrimonio Cultural Local\u201d"},"content":{"rendered":"<figure id=\"attachment_563392\" aria-describedby=\"caption-attachment-563392\" style=\"width: 320px\" class=\"wp-caption alignright\"><img loading=\"lazy\" decoding=\"async\" class=\"size-medium wp-image-563392\" alt=\"seminario \u201cGesti\u00f3n y Difusi\u00f3n del Patrimonio Cultural Local\u201d\" src=\"https:\/\/www.upo.es\/diario\/wp-content\/uploads\/2013\/02\/III_Seminario_de_Gestion_y_Difusion_del_Patrimonio_Cultural_Local_UPO_2013-1-320x213.jpg\" width=\"320\" height=\"213\" srcset=\"https:\/\/www.upo.es\/diario\/wp-content\/uploads\/2013\/02\/III_Seminario_de_Gestion_y_Difusion_del_Patrimonio_Cultural_Local_UPO_2013-1-320x213.jpg 320w, https:\/\/www.upo.es\/diario\/wp-content\/uploads\/2013\/02\/III_Seminario_de_Gestion_y_Difusion_del_Patrimonio_Cultural_Local_UPO_2013-1-600x400.jpg 600w, https:\/\/www.upo.es\/diario\/wp-content\/uploads\/2013\/02\/III_Seminario_de_Gestion_y_Difusion_del_Patrimonio_Cultural_Local_UPO_2013-1.jpg 1024w\" sizes=\"auto, (max-width: 320px) 100vw, 320px\" \/><figcaption id=\"caption-attachment-563392\" class=\"wp-caption-text\">El seminario est\u00e1 dirigido tanto a estudiantes como a t\u00e9cnicos municipales y personas interesadas en la materia<\/figcaption><\/figure>\n<p>Hoy jueves 7 de marzo, a las 17 horas en la Casa de la Provincia, el III Seminario sobre Gesti\u00f3n y Difusi\u00f3n del Patrimonio Cultural Local retoma su ciclo de conferencias con la charla \u2018Cultura en redes sociales\u2019, a cargo de Rafael Rodr\u00edguez-Varo, investigador en Historia del Arte que actualmente trabaja sobre la influencia de las redes sociales en la gesti\u00f3n del patrimonio.<\/p>\n<p>La jornada de hoy continuar\u00e1 con dos ponencias sobre el <b>emprendimiento cultural en Andaluc\u00eda<\/b>. As\u00ed, V\u00edctor S\u00e1nchez y Jos\u00e9 Manuel Vidal Gandul, del Centro Incubadora de Empresas de Alcal\u00e1 de Guada\u00edra; e Ignacio Trujillo Berraquero, de la Consejer\u00eda de Cultura y Deporte de la Junta de Andaluc\u00eda, abordar\u00e1n la creaci\u00f3n de empresas culturales basadas en el patrimonio. La tercera sesi\u00f3n del seminario concluir\u00e1 con un coloquio a las 19.45 horas.<\/p>\n<p>Este encuentro, organizado por el M\u00e1ster oficial en Arte, Museos y Gesti\u00f3n del Patrimonio Hist\u00f3rico y el \u00c1rea del Historia del Arte de la Universidad Pablo de Olavide, est\u00e1 dirigido tanto a estudiantes como a t\u00e9cnicos municipales y personas interesadas en la materia. <b>La actividad es gratuita y de entrada libre hasta completar aforo<\/b>.<\/p>\n<p>El M\u00e1ster Universitario en Arte, Museos y Gesti\u00f3n del Patrimonio Hist\u00f3rico tiene como finalidad proporcionar conocimientos amplios y s\u00f3lidos sobre historia del arte y patrimonio art\u00edstico, incidiendo en las metodolog\u00edas aplicables a su estudio, investigaci\u00f3n, difusi\u00f3n y gesti\u00f3n. La singularidad de este postgrado en el panorama universitario espa\u00f1ol consiste en ser \u00fanico en el exhaustivo tratamiento de la historia del arte y el patrimonio en su proyecci\u00f3n con Am\u00e9rica.<\/p>\n","protected":false},"excerpt":{"rendered":"<p>Hoy jueves 7 de marzo, a las 17 horas en la Casa de la Provincia, el III Seminario sobre Gesti\u00f3n y Difusi\u00f3n del Patrimonio Cultural Local retoma su ciclo de conferencias con la charla \u2018Cultura en redes sociales\u2019, a cargo de Rafael Rodr\u00edguez-Varo, investigador en Historia del Arte que actualmente trabaja sobre la influencia de las redes sociales en la gesti\u00f3n del patrimonio.<\/p>\n","protected":false},"author":6,"featured_media":0,"comment_status":"closed","ping_status":"open","sticky":false,"template":"","format":"standard","meta":{"_monsterinsights_skip_tracking":false,"_monsterinsights_sitenote_active":false,"_monsterinsights_sitenote_note":"","_monsterinsights_sitenote_category":0,"footnotes":""},"categories":[7],"tags":[99,80,66,129],"class_list":["post-679648","post","type-post","status-publish","format-standard","hentry","category-cultura","tag-creacion-de-empresas","tag-emprendedores","tag-empresa","tag-patrimonio"],"_links":{"self":[{"href":"https:\/\/www.upo.es\/diario\/wp-json\/wp\/v2\/posts\/679648","targetHints":{"allow":["GET"]}}],"collection":[{"href":"https:\/\/www.upo.es\/diario\/wp-json\/wp\/v2\/posts"}],"about":[{"href":"https:\/\/www.upo.es\/diario\/wp-json\/wp\/v2\/types\/post"}],"author":[{"embeddable":true,"href":"https:\/\/www.upo.es\/diario\/wp-json\/wp\/v2\/users\/6"}],"replies":[{"embeddable":true,"href":"https:\/\/www.upo.es\/diario\/wp-json\/wp\/v2\/comments?post=679648"}],"version-history":[{"count":2,"href":"https:\/\/www.upo.es\/diario\/wp-json\/wp\/v2\/posts\/679648\/revisions"}],"predecessor-version":[{"id":679650,"href":"https:\/\/www.upo.es\/diario\/wp-json\/wp\/v2\/posts\/679648\/revisions\/679650"}],"wp:attachment":[{"href":"https:\/\/www.upo.es\/diario\/wp-json\/wp\/v2\/media?parent=679648"}],"wp:term":[{"taxonomy":"category","embeddable":true,"href":"https:\/\/www.upo.es\/diario\/wp-json\/wp\/v2\/categories?post=679648"},{"taxonomy":"post_tag","embeddable":true,"href":"https:\/\/www.upo.es\/diario\/wp-json\/wp\/v2\/tags?post=679648"}],"curies":[{"name":"wp","href":"https:\/\/api.w.org\/{rel}","templated":true}]}}