{"id":679966,"date":"2013-03-08T06:40:40","date_gmt":"2013-03-08T06:40:40","guid":{"rendered":"https:\/\/www.upo.es\/diario\/?p=679966"},"modified":"2013-03-08T07:10:17","modified_gmt":"2013-03-08T07:10:17","slug":"manana-se-presenta-en-la-libreria-beta-el-libro-naturalezas-en-conflicto-del-investigador-jose-antonio-cortes","status":"publish","type":"post","link":"https:\/\/www.upo.es\/diario\/cultura\/2013\/03\/manana-se-presenta-en-la-libreria-beta-el-libro-naturalezas-en-conflicto-del-investigador-jose-antonio-cortes\/","title":{"rendered":"Hoy se presenta en la librer\u00eda Beta el libro \u00abNaturalezas en conflicto\u00bb, del investigador Jos\u00e9 Antonio Cort\u00e9s"},"content":{"rendered":"<p>&nbsp;<\/p>\n<figure id=\"attachment_679967\" aria-describedby=\"caption-attachment-679967\" style=\"width: 218px\" class=\"wp-caption alignright\"><a href=\"https:\/\/www.upo.es\/diario\/wp-content\/uploads\/2013\/03\/naturalezasenconflicto.jpg\"><img loading=\"lazy\" decoding=\"async\" class=\"size-medium wp-image-679967\" alt=\"Naturalezas en conflicto\" src=\"https:\/\/www.upo.es\/diario\/wp-content\/uploads\/2013\/03\/naturalezasenconflicto-218x320.jpg\" width=\"218\" height=\"320\" srcset=\"https:\/\/www.upo.es\/diario\/wp-content\/uploads\/2013\/03\/naturalezasenconflicto-218x320.jpg 218w, https:\/\/www.upo.es\/diario\/wp-content\/uploads\/2013\/03\/naturalezasenconflicto-697x1024.jpg 697w, https:\/\/www.upo.es\/diario\/wp-content\/uploads\/2013\/03\/naturalezasenconflicto-600x880.jpg 600w, https:\/\/www.upo.es\/diario\/wp-content\/uploads\/2013\/03\/naturalezasenconflicto.jpg 1788w\" sizes=\"auto, (max-width: 218px) 100vw, 218px\" \/><\/a><figcaption id=\"caption-attachment-679967\" class=\"wp-caption-text\">Se presenta ma\u00f1ana viernes, a las 19.30h., en la librer\u00eda Beta (c\/Sierpes, 25)<\/figcaption><\/figure>\n<p><span style=\"text-decoration: underline;\">Hoy viernes 8 de marzo, a las 19:30 horas en la librer\u00eda Beta (calle Sierpes, 25)<\/span>, tendr\u00e1 lugar la presentaci\u00f3n del libro \u201cNaturalezas en conflicto. Conservaci\u00f3n ambiental y enfrentamiento social en el Parque Natural Cabo de Gata-N\u00edjar\u201d del investigador Jos\u00e9 Antonio Cort\u00e9s V\u00e1zquez, miembro del Grupo de Investigaci\u00f3n Social y Acci\u00f3n Participativa (GISAP) de la Universidad Pablo de Olavide. La obra est\u00e1 editada por <a href=\"http:\/\/tienda.germania.es\/ant02\">Germania <\/a>y la <a href=\"http:\/\/ava-antropologiavlc.blogspot.com.es\/\">Asociaci\u00f3n Valenciana de Antropolog\u00eda.<\/a> <b>La entrada es libre hasta completar aforo.<\/b><\/p>\n<p><b>\u00a0<\/b>La mesa de presentaci\u00f3n estar\u00e1 formada por el autor del libro, Jos\u00e9 Antonio Cort\u00e9s junto con Jos\u00e9 Mar\u00eda Valcuende del R\u00edo, profesor de Antropolog\u00eda Social de la UPO y director de la tesis doctoral cuyos resultados se recogen en este libro, y Beatriz Santamarina, profesora de Antropolog\u00eda Social de la Universidad de Valencia, directora de la colecci\u00f3n Antropo\u00b7l\u00f2giques de la editorial Germania y presidenta de la Asociaci\u00f3n Valenciana de Antropolog\u00eda, editores conjuntos del libro.<\/p>\n<p>El libro recoge los resultados de la investigaci\u00f3n que Jos\u00e9 Antonio Cort\u00e9s realiz\u00f3 para su tesis doctoral titulada \u201cLa naturaleza de los espacios protegidos y presentaci\u00f3n. Discursos, pr\u00e1cticas y legitimaciones en el Parque Natural Cabo de Gata-N\u00edjar\u201d, presentada en el a\u00f1o 2011 en la Universidad Pablo de Olavide, y por la cual recibi\u00f3 el segundo premio \u201cMarqu\u00e9s de Lozoya\u201d, galard\u00f3n de reconocido prestigio a nivel nacional para estudios en Antropolog\u00eda Social y Cultural.<\/p>\n<p>\u201cNaturalezas en conflicto\u201d se adentra en la problem\u00e1tica social surgida a ra\u00edz de la declaraci\u00f3n del Parque Natural Cabo de Gata-N\u00edjar; un espacio protegido paradigm\u00e1tico de las pol\u00edticas conservacionistas implementadas en el sur de Europa en d\u00e9cadas recientes. Mediante el an\u00e1lisis etnogr\u00e1fico, sus p\u00e1ginas desgranan las dimensiones pol\u00edticas, hist\u00f3ricas y simb\u00f3licas del enfrentamiento que mantienen ganaderos, pescadores, agricultores de invernaderos, gestores y t\u00e9cnicos del Parque, empresarios tur\u00edsticos, grupos ecologistas y nuevos pobladores. El libro persigue llamar la atenci\u00f3n sobre el papel que juegan las distintas lecturas del medio en dichas disputas y reflexionar en torno a la vinculaci\u00f3n entre relaciones sociales y distintas formas de entender y representar la naturaleza.<\/p>\n","protected":false},"excerpt":{"rendered":"<p>Hoy viernes 8 de marzo, a las 19:30 horas en la librer\u00eda Beta (calle Sierpes, 25), tendr\u00e1 lugar la presentaci\u00f3n del libro \u201cNaturalezas en conflicto. Conservaci\u00f3n ambiental y enfrentamiento social en el Parque Natural Cabo de Gata-N\u00edjar\u201d del investigador Jos\u00e9 Antonio Cort\u00e9s V\u00e1zquez, miembro del Grupo de Investigaci\u00f3n Social y Acci\u00f3n Participativa (GISAP) de la UPO.<\/p>\n","protected":false},"author":4,"featured_media":0,"comment_status":"closed","ping_status":"open","sticky":false,"template":"","format":"standard","meta":{"_monsterinsights_skip_tracking":false,"_monsterinsights_sitenote_active":false,"_monsterinsights_sitenote_note":"","_monsterinsights_sitenote_category":0,"footnotes":""},"categories":[7],"tags":[333,334],"class_list":["post-679966","post","type-post","status-publish","format-standard","hentry","category-cultura","tag-libro","tag-presentacion"],"_links":{"self":[{"href":"https:\/\/www.upo.es\/diario\/wp-json\/wp\/v2\/posts\/679966","targetHints":{"allow":["GET"]}}],"collection":[{"href":"https:\/\/www.upo.es\/diario\/wp-json\/wp\/v2\/posts"}],"about":[{"href":"https:\/\/www.upo.es\/diario\/wp-json\/wp\/v2\/types\/post"}],"author":[{"embeddable":true,"href":"https:\/\/www.upo.es\/diario\/wp-json\/wp\/v2\/users\/4"}],"replies":[{"embeddable":true,"href":"https:\/\/www.upo.es\/diario\/wp-json\/wp\/v2\/comments?post=679966"}],"version-history":[{"count":6,"href":"https:\/\/www.upo.es\/diario\/wp-json\/wp\/v2\/posts\/679966\/revisions"}],"predecessor-version":[{"id":681333,"href":"https:\/\/www.upo.es\/diario\/wp-json\/wp\/v2\/posts\/679966\/revisions\/681333"}],"wp:attachment":[{"href":"https:\/\/www.upo.es\/diario\/wp-json\/wp\/v2\/media?parent=679966"}],"wp:term":[{"taxonomy":"category","embeddable":true,"href":"https:\/\/www.upo.es\/diario\/wp-json\/wp\/v2\/categories?post=679966"},{"taxonomy":"post_tag","embeddable":true,"href":"https:\/\/www.upo.es\/diario\/wp-json\/wp\/v2\/tags?post=679966"}],"curies":[{"name":"wp","href":"https:\/\/api.w.org\/{rel}","templated":true}]}}