{"id":6805192,"date":"2014-11-19T01:51:43","date_gmt":"2014-11-19T01:51:43","guid":{"rendered":"https:\/\/www.upo.es\/diario\/?p=6805192"},"modified":"2014-11-19T14:07:34","modified_gmt":"2014-11-19T14:07:34","slug":"manana-se-celebra-la-primera-conferencia-de-este-curso-a-cargo-de-la-catedra-bbva-2","status":"publish","type":"post","link":"https:\/\/www.upo.es\/diario\/institucional\/2014\/11\/manana-se-celebra-la-primera-conferencia-de-este-curso-a-cargo-de-la-catedra-bbva-2\/","title":{"rendered":"&#8216;Situaci\u00f3n y perspectivas de la econom\u00eda espa\u00f1ola y andaluza&#8217;, conferencia de la C\u00e1tedra BBVA"},"content":{"rendered":"<figure id=\"attachment_682204\" aria-describedby=\"caption-attachment-682204\" style=\"width: 320px\" class=\"wp-caption alignright\"><a href=\"https:\/\/www.upo.es\/diario\/wp-content\/uploads\/2014\/11\/BBVA_1.jpg\"><img loading=\"lazy\" decoding=\"async\" class=\"size-medium wp-image-6822041 \" alt=\"BBVA_1\" src=\"https:\/\/www.upo.es\/diario\/wp-content\/uploads\/2014\/11\/BBVA_1-320x213.jpg\" width=\"320\" height=\"213\" srcset=\"https:\/\/www.upo.es\/diario\/wp-content\/uploads\/2014\/11\/BBVA_1-320x213.jpg 320w, https:\/\/www.upo.es\/diario\/wp-content\/uploads\/2014\/11\/BBVA_1-600x400.jpg 600w\" sizes=\"auto, (max-width: 320px) 100vw, 320px\" \/><\/a><figcaption id=\"caption-attachment-682204\" class=\"wp-caption-text\">Miriam Monta\u00f1ez, Servicio de Estudios de BBVA<\/figcaption><\/figure>\n<p>Hoy<strong>, en el aula 1 del edificio 3<\/strong> de la Universidad Pablo de Olavide,\u00a0 ha tenido lugar la primera conferencia de este curso a cargo de la Catedra BBVA-DT Sur de An\u00e1lisis Econ\u00f3mico de la UPO. Se titular\u00e1 <strong>\u201cSituaci\u00f3n y perspectivas de la econom\u00eda espa\u00f1ola y andaluza\u201d<\/strong> y correr\u00e1 a cargo de Miriam Monta\u00f1ez, del Servicio de Estudios de BBVA.<\/p>\n<p>Esta conferencia es una de las actividades que organiza a lo largo del curso acad\u00e9mico la C\u00e1tedra BBVA-DT Sur de An\u00e1lisis Econ\u00f3mico.<\/p>\n<p>La C\u00e1tedra, que est\u00e1 vinculada al Departamento de Econom\u00eda, M\u00e9todos Cuantitativos e Historia Econ\u00f3mica de la UPO, promueve el desarrollo del conocimiento de la realidad socioecon\u00f3mica de Andaluc\u00eda, tanto en el plano macroecon\u00f3mico como sectorial.<\/p>\n","protected":false},"excerpt":{"rendered":"<p>Hoy, en el aula 1 del edificio 3 de la Universidad Pablo de Olavide,  ha tenido lugar la primera conferencia de este curso a cargo de la Catedra BBVA-DT Sur de An\u00e1lisis Econ\u00f3mico de la UPO. Se titular\u00e1 \u201cSituaci\u00f3n y perspectivas de la econom\u00eda espa\u00f1ola y andaluza\u201d y correr\u00e1 a cargo de Miriam Monta\u00f1ez, del Servicio de Estudios de BBVA.<\/p>\n","protected":false},"author":8,"featured_media":0,"comment_status":"closed","ping_status":"open","sticky":false,"template":"","format":"standard","meta":{"_monsterinsights_skip_tracking":false,"_monsterinsights_sitenote_active":false,"_monsterinsights_sitenote_note":"","_monsterinsights_sitenote_category":0,"footnotes":""},"categories":[6],"tags":[553,359,552,1981,63,918],"class_list":["post-6805192","post","type-post","status-publish","format-standard","hentry","category-institucional","tag-analisis-economico","tag-bbva","tag-catedra-bbva","tag-departamento-de-economia-financiera-y-contabilidad","tag-economia","tag-finanzas"],"_links":{"self":[{"href":"https:\/\/www.upo.es\/diario\/wp-json\/wp\/v2\/posts\/6805192","targetHints":{"allow":["GET"]}}],"collection":[{"href":"https:\/\/www.upo.es\/diario\/wp-json\/wp\/v2\/posts"}],"about":[{"href":"https:\/\/www.upo.es\/diario\/wp-json\/wp\/v2\/types\/post"}],"author":[{"embeddable":true,"href":"https:\/\/www.upo.es\/diario\/wp-json\/wp\/v2\/users\/8"}],"replies":[{"embeddable":true,"href":"https:\/\/www.upo.es\/diario\/wp-json\/wp\/v2\/comments?post=6805192"}],"version-history":[{"count":7,"href":"https:\/\/www.upo.es\/diario\/wp-json\/wp\/v2\/posts\/6805192\/revisions"}],"predecessor-version":[{"id":6805195,"href":"https:\/\/www.upo.es\/diario\/wp-json\/wp\/v2\/posts\/6805192\/revisions\/6805195"}],"wp:attachment":[{"href":"https:\/\/www.upo.es\/diario\/wp-json\/wp\/v2\/media?parent=6805192"}],"wp:term":[{"taxonomy":"category","embeddable":true,"href":"https:\/\/www.upo.es\/diario\/wp-json\/wp\/v2\/categories?post=6805192"},{"taxonomy":"post_tag","embeddable":true,"href":"https:\/\/www.upo.es\/diario\/wp-json\/wp\/v2\/tags?post=6805192"}],"curies":[{"name":"wp","href":"https:\/\/api.w.org\/{rel}","templated":true}]}}