{"id":6856527,"date":"2014-11-21T09:24:11","date_gmt":"2014-11-21T09:24:11","guid":{"rendered":"https:\/\/www.upo.es\/diario\/?p=6856527"},"modified":"2014-11-26T13:14:58","modified_gmt":"2014-11-26T13:14:58","slug":"el-cei-de-las-americas-fomentara-la-investigacion-y-el-desarrollo-en-america-central","status":"publish","type":"post","link":"https:\/\/www.upo.es\/diario\/institucional\/2014\/11\/el-cei-de-las-americas-fomentara-la-investigacion-y-el-desarrollo-en-america-central\/","title":{"rendered":"El CEI de las Am\u00e9ricas fomentar\u00e1 la investigaci\u00f3n y el desarrollo en Am\u00e9rica Central"},"content":{"rendered":"<figure id=\"attachment_6856530\" aria-describedby=\"caption-attachment-6856530\" style=\"width: 600px\" class=\"wp-caption aligncenter\"><a href=\"https:\/\/www.upo.es\/diario\/wp-content\/uploads\/2014\/11\/cei_cambio_panama.jpg\"><img loading=\"lazy\" decoding=\"async\" class=\"size-large wp-image-6856530\" alt=\"Firma del convenio entre la Fundaci\u00f3n General de la Universidad de Salamanca y el Gobierno de Panam\u00e1\" src=\"https:\/\/www.upo.es\/diario\/wp-content\/uploads\/2014\/11\/cei_cambio_panama-600x400.jpg\" width=\"600\" height=\"400\" srcset=\"https:\/\/www.upo.es\/diario\/wp-content\/uploads\/2014\/11\/cei_cambio_panama-600x400.jpg 600w, https:\/\/www.upo.es\/diario\/wp-content\/uploads\/2014\/11\/cei_cambio_panama-320x213.jpg 320w\" sizes=\"auto, (max-width: 600px) 100vw, 600px\" \/><\/a><figcaption id=\"caption-attachment-6856530\" class=\"wp-caption-text\">Firma del convenio entre la Fundaci\u00f3n General de la Universidad de Salamanca y el Gobierno de Panam\u00e1<\/figcaption><\/figure>\n<p>El Gobierno de la Rep\u00fablica de <strong>Panam\u00e1<\/strong>, a trav\u00e9s del Instituto Nacional de Cultura (INAC), ha suscrito en la Casa del Arte del Casco Antiguo de la Ciudad de Panam\u00e1 un convenio de colaboraci\u00f3n con la Fundaci\u00f3n General de la Universidad de Salamanca (Espa\u00f1a) para el establecimiento del <strong>Campus de Excelencia Internacional de Las Am\u00e9ricas<\/strong>.<\/p>\n<p>El<strong> \u201cCEI de Las Am\u00e9ricas\u201d ser\u00e1 un Centro de Estudios Superiores, de Investigaci\u00f3n y de Transferencia de Tecnolog\u00eda que se proyectar\u00e1 como un HUB de universidades espa\u00f1olas y de excelencia educativa en la regi\u00f3n<\/strong>, desarrollando actividades vinculadas a la cultura, la capacitaci\u00f3n, la investigaci\u00f3n y la transferencia de tecnolog\u00edas. Todo ello dirigido a facilitar la mejor adaptaci\u00f3n de los ciudadanos a los cambios que se operan en el mundo cient\u00edfico, profesional y social, vinculados al sector p\u00fablico y empresarial de Panam\u00e1 e Hispanoam\u00e9rica, seg\u00fan la informaci\u00f3n de la Universidad de Salamanca recogida por DiCYT.<\/p>\n<p>El acuerdo firmado implica la restauraci\u00f3n de la Casa del Arte y ha sido posible gracias al apoyo financiero del Ministerio de Educaci\u00f3n y Cultura de Espa\u00f1a, con una inversi\u00f3n cercana a un mill\u00f3n de balboas (aproximadamente 800.000 euros). Esta inversi\u00f3n se ha llevado a cabo a trav\u00e9s del Programa Campus de Excelencia Internacional, desarrollado en Panam\u00e1 mediante tres proyectos de Campus de Excelencia Internacional espa\u00f1oles: el de la Universidad de Salamanca; Hub C, de la Universidad de Barcelona, y CEI CamBio, compuesto por las universidades Pablo de Olavide de Sevilla, de Almer\u00eda, de C\u00e1diz, de C\u00f3rdoba, de Huelva, de Ja\u00e9n, Universidad Internacional de Andaluc\u00eda, y el Consejo Superior de Investigaciones Cient\u00edficas-Andaluc\u00eda.<\/p>\n<p>El INAC busca establecer planes para promover la Ciencia, la Educaci\u00f3n y la Cultura honrando su compromiso con la sociedad y sus organizaciones al impulsar la formaci\u00f3n y especializaci\u00f3n profesional superior, as\u00ed como la promoci\u00f3n y ejecuci\u00f3n de programas de capacitaci\u00f3n continua, propios o en colaboraci\u00f3n.<\/p>\n<p>Por parte del INAC participa la Oficina del Casco Antiguo (OCA), con la gesti\u00f3n para el aporte de materiales y la mano de obra de los j\u00f3venes aprendices del Proyecto Escuela Taller Panam\u00e1 IV Etapa, que es respaldado por la Embajada de Espa\u00f1a en Panam\u00e1 y por la Agencia Espa\u00f1ola de Cooperaci\u00f3n Internacional para el Desarrollo (AECID).<\/p>\n<p>En la firma del acuerdo estuvieron presentes, por parte del Gobierno de Panam\u00e1, Mariana N\u00fa\u00f1ez Haugland, directora general del INAC, y en representaci\u00f3n de la Fundaci\u00f3n General de la Universidad de Salamanca, \u00d3scar Gonz\u00e1lez Benito, director gerente de la Fundaci\u00f3n General de la Universidad de Salamanca. Estuvieron presentes, adem\u00e1s, Jes\u00fas Silva Fern\u00e1ndez, embajador de Espa\u00f1a en Panam\u00e1, Rebeca Somoza de Burgos, directora de la Oficina del Casco Antiguo, L\u00eda M\u00e9ndez, directora de la Escuela Taller Panam\u00e1, Luis Rodr\u00edguez Dom\u00ednguez, subdirector de la Fundaci\u00f3n General de la Universidad de Salamanca, y Jos\u00e9 Juan Santos Hern\u00e1ndez, delegado de Gerencia en Panam\u00e1 de la Fundaci\u00f3n General de la Universidad de Salamanca.<\/p>\n<p><b>Actividades previstas<\/b><\/p>\n<p>Como Centro de Ense\u00f1anza Superior en Panam\u00e1, este centro desarrollar\u00e1 actividades vinculadas a la cultura, la formaci\u00f3n, la investigaci\u00f3n y la transferencia de tecnolog\u00eda.<\/p>\n<p>En el \u00e1mbito de la cultura se llevar\u00e1n a cabo exposiciones, seminarios, conferencias cient\u00edficas y de divulgaci\u00f3n, presentaciones de resultados y de proyectos y actividades sociales y de colaboraci\u00f3n con la sociedad.<\/p>\n<p>Adem\u00e1s se pondr\u00e1n en marcha iniciativas de colaboraci\u00f3n en la recuperaci\u00f3n del patrimonio hist\u00f3rico de Panam\u00e1, de capacitaci\u00f3n en la gesti\u00f3n cultural para instituciones, empresas e industrias culturales y de animaci\u00f3n sociocultural.<\/p>\n<p>En el \u00e1mbito de la formaci\u00f3n, y en colaboraci\u00f3n con universidades e instituciones de Panam\u00e1, se estudiar\u00e1 el desarrollo de diversas ofertas acad\u00e9micas, como grados, posgrados, m\u00e1steres, cursos de extensi\u00f3n universitaria y de capacitaci\u00f3n profesional.<\/p>\n<p>Por otra parte, respecto a la cooperaci\u00f3n y el desarrollo, este proyecto se convertir\u00e1 en un socio estrat\u00e9gico para la captaci\u00f3n de fondos europeos y socio colaborador ante instituciones hispanoamericanas de desarrollo.<\/p>\n<p>Por \u00faltimo, en el \u00e1mbito de la consultor\u00eda y auditor\u00eda se contempla el asesoramiento t\u00e9cnico en los campos de actividad de cada CEI, la consultor\u00eda y el acompa\u00f1amiento para la elaboraci\u00f3n, adaptaci\u00f3n o implementaci\u00f3n de normas y normativas de aplicaci\u00f3n europea, as\u00ed como para la integraci\u00f3n, elaboraci\u00f3n y evaluaci\u00f3n de pliegos y licitaciones.<\/p>\n<p>&nbsp;<\/p>\n","protected":false},"excerpt":{"rendered":"<p>El Gobierno de la Rep\u00fablica de Panam\u00e1, a trav\u00e9s del Instituto Nacional de Cultura (INAC), ha suscrito en la Casa del Arte del Casco Antiguo de la Ciudad de Panam\u00e1 un convenio de colaboraci\u00f3n con la Fundaci\u00f3n General de la Universidad de Salamanca (Espa\u00f1a) para el establecimiento del Campus de Excelencia Internacional de Las Am\u00e9ricas.<\/p>\n","protected":false},"author":6,"featured_media":0,"comment_status":"closed","ping_status":"open","sticky":false,"template":"","format":"standard","meta":{"_monsterinsights_skip_tracking":false,"_monsterinsights_sitenote_active":false,"_monsterinsights_sitenote_note":"","_monsterinsights_sitenote_category":0,"footnotes":""},"categories":[6],"tags":[269,224,326,805,56,244,2033,39],"class_list":["post-6856527","post","type-post","status-publish","format-standard","hentry","category-institucional","tag-america","tag-cei-cambio","tag-convenio","tag-iberoamerica","tag-investigacion","tag-ministerio-de-educacion","tag-panama","tag-universidades"],"_links":{"self":[{"href":"https:\/\/www.upo.es\/diario\/wp-json\/wp\/v2\/posts\/6856527","targetHints":{"allow":["GET"]}}],"collection":[{"href":"https:\/\/www.upo.es\/diario\/wp-json\/wp\/v2\/posts"}],"about":[{"href":"https:\/\/www.upo.es\/diario\/wp-json\/wp\/v2\/types\/post"}],"author":[{"embeddable":true,"href":"https:\/\/www.upo.es\/diario\/wp-json\/wp\/v2\/users\/6"}],"replies":[{"embeddable":true,"href":"https:\/\/www.upo.es\/diario\/wp-json\/wp\/v2\/comments?post=6856527"}],"version-history":[{"count":5,"href":"https:\/\/www.upo.es\/diario\/wp-json\/wp\/v2\/posts\/6856527\/revisions"}],"predecessor-version":[{"id":6952014,"href":"https:\/\/www.upo.es\/diario\/wp-json\/wp\/v2\/posts\/6856527\/revisions\/6952014"}],"wp:attachment":[{"href":"https:\/\/www.upo.es\/diario\/wp-json\/wp\/v2\/media?parent=6856527"}],"wp:term":[{"taxonomy":"category","embeddable":true,"href":"https:\/\/www.upo.es\/diario\/wp-json\/wp\/v2\/categories?post=6856527"},{"taxonomy":"post_tag","embeddable":true,"href":"https:\/\/www.upo.es\/diario\/wp-json\/wp\/v2\/tags?post=6856527"}],"curies":[{"name":"wp","href":"https:\/\/api.w.org\/{rel}","templated":true}]}}