{"id":688092,"date":"2013-03-13T10:50:38","date_gmt":"2013-03-13T10:50:38","guid":{"rendered":"https:\/\/www.upo.es\/diario\/?p=688092"},"modified":"2013-03-13T14:22:57","modified_gmt":"2013-03-13T14:22:57","slug":"el-estudiante-de-la-upo-ignacio-del-rey-pronuncia-el-pregon-universitario-de-la-semana-santa-de-2013","status":"publish","type":"post","link":"https:\/\/www.upo.es\/diario\/institucional\/2013\/03\/el-estudiante-de-la-upo-ignacio-del-rey-pronuncia-el-pregon-universitario-de-la-semana-santa-de-2013\/","title":{"rendered":"El estudiante de la UPO Ignacio del Rey pronuncia el Preg\u00f3n Universitario de la Semana Santa de 2013"},"content":{"rendered":"<figure id=\"attachment_690178\" aria-describedby=\"caption-attachment-690178\" style=\"width: 320px\" class=\"wp-caption alignright\"><a href=\"https:\/\/www.upo.es\/diario\/wp-content\/uploads\/2013\/03\/13030599.jpg\"><img loading=\"lazy\" decoding=\"async\" class=\"size-medium wp-image-690178\" alt=\"Preg\u00f3n\" src=\"https:\/\/www.upo.es\/diario\/wp-content\/uploads\/2013\/03\/13030599-320x240.jpg\" width=\"320\" height=\"240\" srcset=\"https:\/\/www.upo.es\/diario\/wp-content\/uploads\/2013\/03\/13030599-320x240.jpg 320w, https:\/\/www.upo.es\/diario\/wp-content\/uploads\/2013\/03\/13030599-1024x768.jpg 1024w, https:\/\/www.upo.es\/diario\/wp-content\/uploads\/2013\/03\/13030599-600x450.jpg 600w, https:\/\/www.upo.es\/diario\/wp-content\/uploads\/2013\/03\/13030599.jpg 2000w\" sizes=\"auto, (max-width: 320px) 100vw, 320px\" \/><\/a><figcaption id=\"caption-attachment-690178\" class=\"wp-caption-text\">Ignacio del Rey, junto al rector de la UPO, pronunci\u00f3 ayer el Preg\u00f3n Universitario de la Semana Santa 2013<\/figcaption><\/figure>\n<figure id=\"attachment_690179\" aria-describedby=\"caption-attachment-690179\" style=\"width: 320px\" class=\"wp-caption alignright\"><a href=\"https:\/\/www.upo.es\/diario\/wp-content\/uploads\/2013\/03\/13030611.jpg\"><img loading=\"lazy\" decoding=\"async\" class=\"size-medium wp-image-690179\" alt=\"Foto de familia momentos antes del acto\" src=\"https:\/\/www.upo.es\/diario\/wp-content\/uploads\/2013\/03\/13030611-320x240.jpg\" width=\"320\" height=\"240\" srcset=\"https:\/\/www.upo.es\/diario\/wp-content\/uploads\/2013\/03\/13030611-320x240.jpg 320w, https:\/\/www.upo.es\/diario\/wp-content\/uploads\/2013\/03\/13030611-1024x768.jpg 1024w, https:\/\/www.upo.es\/diario\/wp-content\/uploads\/2013\/03\/13030611-600x450.jpg 600w, https:\/\/www.upo.es\/diario\/wp-content\/uploads\/2013\/03\/13030611.jpg 2000w\" sizes=\"auto, (max-width: 320px) 100vw, 320px\" \/><\/a><figcaption id=\"caption-attachment-690179\" class=\"wp-caption-text\">Foto de familia momentos antes del acto<\/figcaption><\/figure>\n<p>El estudiante del grado en Ciencias Pol\u00edticas y de la Administraci\u00f3n de la Universidad Pablo de Olavide, Ignacio del Rey Molina pronunci\u00f3 ayer martes, 12 de marzo, el Preg\u00f3n Universitario de la Semana Santa 2013, que cumple su 40\u00ba aniversario. Al acto tambi\u00e9n asisti\u00f3 el rector de la UPO, Vicente Guzm\u00e1n.<\/p>\n<p>El pasado 7 de noviembre, el cabildo de oficiales de la Hermandad de Los Estudiantes design\u00f3 como pregonero universitario de la Semana Santa de 2013 al estudiante de la UPO, Ignacio del Rey.<\/p>\n<p>Ignacio del Rey Molina, es estudiante de Grado en Ciencias Pol\u00edticas y de la Administraci\u00f3n de la Facultad de Derecho de la\u00a0Universidad Pablo de Olavide. Es hermano de las Hermandades del\u00a0Silencio,\u00a0Baratillo,\u00a0Sacramental del Sagrario, Salud de San Isidoro y Roc\u00edo de Triana. Desde muy joven mostr\u00f3 su inter\u00e9s en la creaci\u00f3n literaria y\u00a0ha pronunciado varios pregones y conferencias entre los que cabe destacar el Preg\u00f3n de la Juventud del\u00a0Baratillo, el Preg\u00f3n del\u00a0Martes Santo, el Preg\u00f3n de la\u00a0Esperanza de Triana\u00a0y la Oraci\u00f3n del Estudiante en el Quinario al Sant\u00edsimo Cristo de la\u00a0Buena Muerte.<\/p>\n","protected":false},"excerpt":{"rendered":"<p>El estudiante del grado en Ciencias Pol\u00edticas y de la Administraci\u00f3n de la Universidad Pablo de Olavide, Ignacio del Rey Molina pronunciar\u00e1 hoy martes, 12 de marzo, a las 20:30 horas, en el Paraninfo del Rectorado de la Universidad de Sevilla, el Preg\u00f3n Universitario de la Semana Santa 2013, que cumple su 40\u00ba aniversario. Al acto tambi\u00e9n asistir\u00e1 el rector de la UPO, Vicente Guzm\u00e1n.<\/p>\n","protected":false},"author":4,"featured_media":0,"comment_status":"closed","ping_status":"open","sticky":false,"template":"","format":"standard","meta":{"_monsterinsights_skip_tracking":false,"_monsterinsights_sitenote_active":false,"_monsterinsights_sitenote_note":"","_monsterinsights_sitenote_category":0,"footnotes":""},"categories":[6,7],"tags":[38],"class_list":["post-688092","post","type-post","status-publish","format-standard","hentry","category-institucional","category-cultura","tag-rector"],"_links":{"self":[{"href":"https:\/\/www.upo.es\/diario\/wp-json\/wp\/v2\/posts\/688092","targetHints":{"allow":["GET"]}}],"collection":[{"href":"https:\/\/www.upo.es\/diario\/wp-json\/wp\/v2\/posts"}],"about":[{"href":"https:\/\/www.upo.es\/diario\/wp-json\/wp\/v2\/types\/post"}],"author":[{"embeddable":true,"href":"https:\/\/www.upo.es\/diario\/wp-json\/wp\/v2\/users\/4"}],"replies":[{"embeddable":true,"href":"https:\/\/www.upo.es\/diario\/wp-json\/wp\/v2\/comments?post=688092"}],"version-history":[{"count":6,"href":"https:\/\/www.upo.es\/diario\/wp-json\/wp\/v2\/posts\/688092\/revisions"}],"predecessor-version":[{"id":690183,"href":"https:\/\/www.upo.es\/diario\/wp-json\/wp\/v2\/posts\/688092\/revisions\/690183"}],"wp:attachment":[{"href":"https:\/\/www.upo.es\/diario\/wp-json\/wp\/v2\/media?parent=688092"}],"wp:term":[{"taxonomy":"category","embeddable":true,"href":"https:\/\/www.upo.es\/diario\/wp-json\/wp\/v2\/categories?post=688092"},{"taxonomy":"post_tag","embeddable":true,"href":"https:\/\/www.upo.es\/diario\/wp-json\/wp\/v2\/tags?post=688092"}],"curies":[{"name":"wp","href":"https:\/\/api.w.org\/{rel}","templated":true}]}}