{"id":688188,"date":"2013-03-12T05:45:18","date_gmt":"2013-03-12T05:45:18","guid":{"rendered":"https:\/\/www.upo.es\/diario\/?p=688188"},"modified":"2013-03-12T07:14:48","modified_gmt":"2013-03-12T07:14:48","slug":"manana-se-presenta-el-libro-la-economia-politica-de-la-guerra-del-profesor-alfredo-langa-herrero","status":"publish","type":"post","link":"https:\/\/www.upo.es\/diario\/cultura\/2013\/03\/manana-se-presenta-el-libro-la-economia-politica-de-la-guerra-del-profesor-alfredo-langa-herrero\/","title":{"rendered":"Hoy se presenta el libro \u00abLa econom\u00eda pol\u00edtica de la guerra\u00bb del profesor Alfredo Langa Herrero"},"content":{"rendered":"<figure id=\"attachment_688189\" aria-describedby=\"caption-attachment-688189\" style=\"width: 207px\" class=\"wp-caption alignright\"><a href=\"https:\/\/www.upo.es\/diario\/wp-content\/uploads\/2013\/03\/libro_economiadelaguerra.jpg\"><img loading=\"lazy\" decoding=\"async\" class=\"size-medium wp-image-688189\" alt=\"Publicado por Icaria Editorial\" src=\"https:\/\/www.upo.es\/diario\/wp-content\/uploads\/2013\/03\/libro_economiadelaguerra-207x320.jpg\" width=\"207\" height=\"320\" srcset=\"https:\/\/www.upo.es\/diario\/wp-content\/uploads\/2013\/03\/libro_economiadelaguerra-207x320.jpg 207w, https:\/\/www.upo.es\/diario\/wp-content\/uploads\/2013\/03\/libro_economiadelaguerra-663x1024.jpg 663w, https:\/\/www.upo.es\/diario\/wp-content\/uploads\/2013\/03\/libro_economiadelaguerra-600x925.jpg 600w, https:\/\/www.upo.es\/diario\/wp-content\/uploads\/2013\/03\/libro_economiadelaguerra.jpg 810w\" sizes=\"auto, (max-width: 207px) 100vw, 207px\" \/><\/a><figcaption id=\"caption-attachment-688189\" class=\"wp-caption-text\">Publicado por Icaria Editorial<\/figcaption><\/figure>\n<p>Hoy martes 12 de marzo, a las 19 horas en la librer\u00eda Beta (calle Sierpes 25), tendr\u00e1 lugar la presentaci\u00f3n del libro \u201cLa econom\u00eda pol\u00edtica de la guerra. Una aproximaci\u00f3n te\u00f3rica desde el pensamiento econ\u00f3mico y las relaciones internacionales\u201d de Alfredo Langa Herrero, profesor de la Universidad Pablo de Olavide. El acto de presentaci\u00f3n estar\u00e1 acompa\u00f1ado de una mesa redonda en torno a la tem\u00e1tica de la obra, en la que participar\u00e1n Juan Miguel Adame Est\u00e9vez, abogado y presidente de la Iniciativa \u201cCambio Personal, Justicia Global\u201d;\u00a0Daniel Coq Huelva, profesor de Econom\u00eda de la Universidad de Sevilla; y\u00a0Juan Maestre Alfonso, catedr\u00e1tico de sociolog\u00eda de la Universidad de Sevilla.<\/p>\n<p>\u201cLa econom\u00eda pol\u00edtica de la guerra\u201d tiene como objetivo realizar una revisi\u00f3n te\u00f3rica que relacione las escuelas y teor\u00edas del pensamiento econ\u00f3mico con las de las relaciones internacionales. Para ello tiene la guerra como eje vertebrador, un fen\u00f3meno que ha determinado el devenir de las sociedades humanas y su forma de organizaci\u00f3n y vida. Se trata de mostrar la importancia de la guerra, una cuesti\u00f3n que para el autor sigue requiriendo de un an\u00e1lisis multidisciplinar dada su cotidiana presencia en nuestros d\u00edas; para ambas disciplinas, y sobretodo para el pensamiento econ\u00f3mico.<\/p>\n<p><b>Alfredo Langa Herrero<\/b> es profesor asociado del Departamento de Econom\u00eda, M\u00e9todos Cuantitativos e Historia Econ\u00f3mica de la Universidad Pablo de Olavide. Colaborador del <a href=\"http:\/\/www.iecah.org\/\">Instituto de Estudios sobre Conflictos y Acci\u00f3n Humanitaria<\/a> (IECAH), ha sido delegado de <a href=\"http:\/\/www.cruzroja.es\/portada\/\">Cruz Roja Espa\u00f1ola<\/a> en Sud\u00e1n, Etiop\u00eda y Guatemala, adem\u00e1s de investigador del Instituto de Desarrollo Regional. Ha trabajado como consultor de proyectos de cooperaci\u00f3n para la <a href=\"http:\/\/www.eoi.es\/portal\/guest\/inicio#4\">Fundaci\u00f3n EOI<\/a> y para diversas organizaciones. Entre sus l\u00edneas de investigaci\u00f3n destacan la acci\u00f3n humanitaria y la econom\u00eda ligada al desarrollo.<\/p>\n","protected":false},"excerpt":{"rendered":"<p>Hoy martes 12 de marzo, a las 19 horas en la librer\u00eda Beta (calle Sierpes 25), tendr\u00e1 lugar la presentaci\u00f3n del libro \u201cLa econom\u00eda pol\u00edtica de la guerra. Una aproximaci\u00f3n te\u00f3rica desde el pensamiento econ\u00f3mico y las relaciones internacionales\u201d de Alfredo Langa Herrero, profesor de la Universidad Pablo de Olavide. El acto de presentaci\u00f3n estar\u00e1 acompa\u00f1ado de una mesa redonda en torno a la tem\u00e1tica de la obra.<\/p>\n","protected":false},"author":6,"featured_media":0,"comment_status":"closed","ping_status":"open","sticky":false,"template":"","format":"standard","meta":{"_monsterinsights_skip_tracking":false,"_monsterinsights_sitenote_active":false,"_monsterinsights_sitenote_note":"","_monsterinsights_sitenote_category":0,"footnotes":""},"categories":[7],"tags":[63,5835,334],"class_list":["post-688188","post","type-post","status-publish","format-standard","hentry","category-cultura","tag-economia","tag-libros","tag-presentacion"],"_links":{"self":[{"href":"https:\/\/www.upo.es\/diario\/wp-json\/wp\/v2\/posts\/688188","targetHints":{"allow":["GET"]}}],"collection":[{"href":"https:\/\/www.upo.es\/diario\/wp-json\/wp\/v2\/posts"}],"about":[{"href":"https:\/\/www.upo.es\/diario\/wp-json\/wp\/v2\/types\/post"}],"author":[{"embeddable":true,"href":"https:\/\/www.upo.es\/diario\/wp-json\/wp\/v2\/users\/6"}],"replies":[{"embeddable":true,"href":"https:\/\/www.upo.es\/diario\/wp-json\/wp\/v2\/comments?post=688188"}],"version-history":[{"count":6,"href":"https:\/\/www.upo.es\/diario\/wp-json\/wp\/v2\/posts\/688188\/revisions"}],"predecessor-version":[{"id":689882,"href":"https:\/\/www.upo.es\/diario\/wp-json\/wp\/v2\/posts\/688188\/revisions\/689882"}],"wp:attachment":[{"href":"https:\/\/www.upo.es\/diario\/wp-json\/wp\/v2\/media?parent=688188"}],"wp:term":[{"taxonomy":"category","embeddable":true,"href":"https:\/\/www.upo.es\/diario\/wp-json\/wp\/v2\/categories?post=688188"},{"taxonomy":"post_tag","embeddable":true,"href":"https:\/\/www.upo.es\/diario\/wp-json\/wp\/v2\/tags?post=688188"}],"curies":[{"name":"wp","href":"https:\/\/api.w.org\/{rel}","templated":true}]}}