{"id":690166,"date":"2013-03-14T05:30:23","date_gmt":"2013-03-14T05:30:23","guid":{"rendered":"https:\/\/www.upo.es\/diario\/?p=690166"},"modified":"2013-03-14T07:05:14","modified_gmt":"2013-03-14T07:05:14","slug":"la-upo-acoge-la-exposicion-fotografica-operacion-pilar-defensivo-palestina-aun-resiste","status":"publish","type":"post","link":"https:\/\/www.upo.es\/diario\/cultura\/2013\/03\/la-upo-acoge-la-exposicion-fotografica-operacion-pilar-defensivo-palestina-aun-resiste\/","title":{"rendered":"La UPO acoge la exposici\u00f3n fotogr\u00e1fica \u00abOperaci\u00f3n Pilar Defensivo: Palestina a\u00fan resiste\u00bb"},"content":{"rendered":"<figure id=\"attachment_690167\" aria-describedby=\"caption-attachment-690167\" style=\"width: 226px\" class=\"wp-caption alignright\"><a href=\"https:\/\/www.upo.es\/diario\/wp-content\/uploads\/2013\/03\/cartel-reducido-1.jpg\"><img loading=\"lazy\" decoding=\"async\" class=\"size-medium wp-image-690167\" alt=\"Semana contra el Apartheid Israel\u00ed\" src=\"https:\/\/www.upo.es\/diario\/wp-content\/uploads\/2013\/03\/cartel-reducido-1-226x320.jpg\" width=\"226\" height=\"320\" srcset=\"https:\/\/www.upo.es\/diario\/wp-content\/uploads\/2013\/03\/cartel-reducido-1-226x320.jpg 226w, https:\/\/www.upo.es\/diario\/wp-content\/uploads\/2013\/03\/cartel-reducido-1-724x1024.jpg 724w, https:\/\/www.upo.es\/diario\/wp-content\/uploads\/2013\/03\/cartel-reducido-1-600x848.jpg 600w, https:\/\/www.upo.es\/diario\/wp-content\/uploads\/2013\/03\/cartel-reducido-1.jpg 886w\" sizes=\"auto, (max-width: 226px) 100vw, 226px\" \/><\/a><figcaption id=\"caption-attachment-690167\" class=\"wp-caption-text\">La UPO acoge una serie de actividades en el marco de la \u201cSemana contra el Apartheid Israel\u00ed\u00bb<\/figcaption><\/figure>\n<p>La Universidad Pablo de Olavide acoger\u00e1 hoy jueves 14 de marzo una serie de actividades con motivo de la \u201cSemana contra el Apartheid Israel\u00ed\u201d, una iniciativa organizada por el Sindicato Andaluz de Trabajadores y el Grupo de Cooperaci\u00f3n Sevilla Palestina de la Hispalense que se celebra en los campus de la Universidad de Granada, la Olavide y la Universidad de Sevilla.<\/p>\n<p>As\u00ed, hoy jueves 14 a las 10.30 horas en la sala de grados de la Biblioteca de la UPO, se proyectar\u00e1 el documental \u201cPuertas al mar\u201d, dirigida por Nacho Garc\u00eda, In\u00e9s Groc\u00edn, Anxela Iglesias y Carlos Sordo. Posteriormente, a las 11 horas, Manuel Pineda, miembro de la Asociaci\u00f3n Uniadikum, impartir\u00e1 la conferencia \u201cSolidaridad con Gaza: experiencia desde las Brigadas Internacionales\u201d.<\/p>\n<p>Finalmente, a las 12.30 horas los interesados podr\u00e1n realizar una visita guiada a la exposici\u00f3n \u201cOperaci\u00f3n Pilar Defensivo: Palestina a\u00fan resiste\u201d, instalada en la galer\u00eda superior del pasaje de la Ilustraci\u00f3n de la UPO. Esta muestra, obra de la fotoperiodista Paula \u00c1lvarez, recoge instant\u00e1neas que reflejan operaci\u00f3n militar llevada a cabo por las Fuerzas de Defensa de Israel en la Franja de Gaza, lanzada el 14 de noviembre de 2012 y concluida el 21 del mismo mes con el acuerdo de un alto al fuego. Durante esta operaci\u00f3n, las milicias de la Franja de Gaza respondieron con lanzamiento de misiles y cohetes, lo que llev\u00f3 al conflicto a un mutuo enfrentamiento que se prolong\u00f3 por m\u00e1s de una semana.<\/p>\n<p>La Semana contra el Apartheid Israel\u00ed (<a href=\"http:\/\/apartheidweek.org\/\">Israeli Apartheid Week, IAW<\/a>) naci\u00f3 de un grupo de estudiantes activistas de la Universidad de Toronto (Canad\u00e1) en 2005 y desde entonces, se ha extendido a ciudades de todo el mundo, incluyendo ciudades palestinas y de Sud\u00e1frica.<\/p>\n<p>Actualmente, es una red global de estudiantes, j\u00f3venes, acad\u00e9micos y organizaciones sociales que trabajan para convertir la IAW en una de las acciones que contribuyen a la solidaridad con el pueblo palestino en todo el mundo. M\u00e1s espec\u00edficamente, la IAW consiste en una serie de eventos anuales de car\u00e1cter internacional (incluyendo reuniones, charlas, actos culturales, exhibici\u00f3n de pel\u00edculas, exposiciones online y acciones de boicot a Israel) que se llevan a cabo en ciudades y campus de todo el mundo.<\/p>\n<p>&nbsp;<\/p>\n","protected":false},"excerpt":{"rendered":"<p>La Universidad Pablo de Olavide acoger\u00e1 ma\u00f1ana jueves 14 de marzo una serie de actividades con motivo de la \u201cSemana contra el Apartheid Israel\u00ed\u201d, una iniciativa organizada por el Sindicato Andaluz de Trabajadores y el Grupo de Cooperaci\u00f3n Sevilla Palestina de la Hispalense que se celebra en los campus de la Universidad de Granada, la Olavide y la Universidad de Sevilla.<\/p>\n","protected":false},"author":2,"featured_media":0,"comment_status":"closed","ping_status":"open","sticky":false,"template":"","format":"standard","meta":{"_monsterinsights_skip_tracking":false,"_monsterinsights_sitenote_active":false,"_monsterinsights_sitenote_note":"","_monsterinsights_sitenote_category":0,"footnotes":""},"categories":[7],"tags":[74,352],"class_list":["post-690166","post","type-post","status-publish","format-standard","hentry","category-cultura","tag-exposiciones","tag-palestina"],"_links":{"self":[{"href":"https:\/\/www.upo.es\/diario\/wp-json\/wp\/v2\/posts\/690166","targetHints":{"allow":["GET"]}}],"collection":[{"href":"https:\/\/www.upo.es\/diario\/wp-json\/wp\/v2\/posts"}],"about":[{"href":"https:\/\/www.upo.es\/diario\/wp-json\/wp\/v2\/types\/post"}],"author":[{"embeddable":true,"href":"https:\/\/www.upo.es\/diario\/wp-json\/wp\/v2\/users\/2"}],"replies":[{"embeddable":true,"href":"https:\/\/www.upo.es\/diario\/wp-json\/wp\/v2\/comments?post=690166"}],"version-history":[{"count":3,"href":"https:\/\/www.upo.es\/diario\/wp-json\/wp\/v2\/posts\/690166\/revisions"}],"predecessor-version":[{"id":690171,"href":"https:\/\/www.upo.es\/diario\/wp-json\/wp\/v2\/posts\/690166\/revisions\/690171"}],"wp:attachment":[{"href":"https:\/\/www.upo.es\/diario\/wp-json\/wp\/v2\/media?parent=690166"}],"wp:term":[{"taxonomy":"category","embeddable":true,"href":"https:\/\/www.upo.es\/diario\/wp-json\/wp\/v2\/categories?post=690166"},{"taxonomy":"post_tag","embeddable":true,"href":"https:\/\/www.upo.es\/diario\/wp-json\/wp\/v2\/tags?post=690166"}],"curies":[{"name":"wp","href":"https:\/\/api.w.org\/{rel}","templated":true}]}}