{"id":690416,"date":"2013-03-15T08:20:11","date_gmt":"2013-03-15T08:20:11","guid":{"rendered":"https:\/\/www.upo.es\/diario\/?p=690416"},"modified":"2013-03-15T09:07:45","modified_gmt":"2013-03-15T09:07:45","slug":"manana-en-la-upo-conferencia-del-economista-angel-de-la-fuente-sobre-la-reforma-del-sistema-de-financiacion-regional","status":"publish","type":"post","link":"https:\/\/www.upo.es\/diario\/institucional\/2013\/03\/manana-en-la-upo-conferencia-del-economista-angel-de-la-fuente-sobre-la-reforma-del-sistema-de-financiacion-regional\/","title":{"rendered":"Hoy en la UPO, conferencia del economista \u00c1ngel de la Fuente sobre la reforma del sistema de financiaci\u00f3n regional"},"content":{"rendered":"<p>Hoy a las 11 horas, en el aula 1 del edificio 3 de la Universidad Pablo de Olavide, el economista \u00c1ngel de la Fuente, investigador del Instituto de An\u00e1lisis Econ\u00f3mico del Consejo Superior de Investigaciones Cient\u00edficas (CSIC), impartir\u00e1 la conferencia \u201cReflexiones sobre la reforma del sistema de financiaci\u00f3n regional\u201d en la que abordar\u00e1 la evoluci\u00f3n del sistema de financiaci\u00f3n territorial, as\u00ed como la necesidad de su reforma.<\/p>\n<p>Esta conferencia es una de las actividades que organiza a lo largo del curso acad\u00e9mico la C\u00e1tedra BBVA-DT Sur de An\u00e1lisis Econ\u00f3mico de la Universidad Pablo de Olavide. La C\u00e1tedra, que est\u00e1 vinculada al Departamento de Econom\u00eda, M\u00e9todos Cuantitativos e Historia Econ\u00f3mica de la Facultad de Ciencias Empresariales de la UPO, promueve el desarrollo del conocimiento de la realidad socioecon\u00f3mica de Andaluc\u00eda, tanto en el plano macroecon\u00f3mico como sectorial.<\/p>\n<p>\u00c1ngel de la Fuente, miembro del Instituto de An\u00e1lisis Econ\u00f3mico del CSIC desde 1991, es especialista en hacienda p\u00fablica y experto en sistema fiscal y auton\u00f3mico. Sus trabajos se han publicado en numerosos medios nacionales e internacionales.<\/p>\n","protected":false},"excerpt":{"rendered":"<p>Hoy a las 11 horas, en el aula 1 del edificio 3 de la Universidad Pablo de Olavide, el economista \u00c1ngel de la Fuente, investigador del Instituto de An\u00e1lisis Econ\u00f3mico del Consejo Superior de Investigaciones Cient\u00edficas (CSIC), impartir\u00e1 la conferencia \u201cReflexiones sobre la reforma del sistema de financiaci\u00f3n regional\u201d en la que abordar\u00e1 la evoluci\u00f3n del sistema de financiaci\u00f3n territorial, as\u00ed como la necesidad de su reforma.<\/p>\n","protected":false},"author":4,"featured_media":0,"comment_status":"closed","ping_status":"open","sticky":false,"template":"","format":"standard","meta":{"_monsterinsights_skip_tracking":false,"_monsterinsights_sitenote_active":false,"_monsterinsights_sitenote_note":"","_monsterinsights_sitenote_category":0,"footnotes":""},"categories":[6],"tags":[359,358,360],"class_list":["post-690416","post","type-post","status-publish","format-standard","hentry","category-institucional","tag-bbva","tag-catedra","tag-facultad-de-ciencias-empresariales"],"_links":{"self":[{"href":"https:\/\/www.upo.es\/diario\/wp-json\/wp\/v2\/posts\/690416","targetHints":{"allow":["GET"]}}],"collection":[{"href":"https:\/\/www.upo.es\/diario\/wp-json\/wp\/v2\/posts"}],"about":[{"href":"https:\/\/www.upo.es\/diario\/wp-json\/wp\/v2\/types\/post"}],"author":[{"embeddable":true,"href":"https:\/\/www.upo.es\/diario\/wp-json\/wp\/v2\/users\/4"}],"replies":[{"embeddable":true,"href":"https:\/\/www.upo.es\/diario\/wp-json\/wp\/v2\/comments?post=690416"}],"version-history":[{"count":6,"href":"https:\/\/www.upo.es\/diario\/wp-json\/wp\/v2\/posts\/690416\/revisions"}],"predecessor-version":[{"id":692087,"href":"https:\/\/www.upo.es\/diario\/wp-json\/wp\/v2\/posts\/690416\/revisions\/692087"}],"wp:attachment":[{"href":"https:\/\/www.upo.es\/diario\/wp-json\/wp\/v2\/media?parent=690416"}],"wp:term":[{"taxonomy":"category","embeddable":true,"href":"https:\/\/www.upo.es\/diario\/wp-json\/wp\/v2\/categories?post=690416"},{"taxonomy":"post_tag","embeddable":true,"href":"https:\/\/www.upo.es\/diario\/wp-json\/wp\/v2\/tags?post=690416"}],"curies":[{"name":"wp","href":"https:\/\/api.w.org\/{rel}","templated":true}]}}