{"id":690423,"date":"2013-03-15T11:00:01","date_gmt":"2013-03-15T11:00:01","guid":{"rendered":"https:\/\/www.upo.es\/diario\/?p=690423"},"modified":"2013-03-17T10:42:47","modified_gmt":"2013-03-17T10:42:47","slug":"el-rector-de-la-upo-participa-manana-en-las-jornadas-los-desafios-de-la-union-europea","status":"publish","type":"post","link":"https:\/\/www.upo.es\/diario\/institucional\/2013\/03\/el-rector-de-la-upo-participa-manana-en-las-jornadas-los-desafios-de-la-union-europea\/","title":{"rendered":"El rector de la UPO participa  en las jornadas \u00abLos desaf\u00edos de la Uni\u00f3n Europea\u00bb"},"content":{"rendered":"<figure id=\"attachment_692489\" aria-describedby=\"caption-attachment-692489\" style=\"width: 320px\" class=\"wp-caption alignright\"><a href=\"https:\/\/www.upo.es\/diario\/wp-content\/uploads\/2013\/03\/jparlamento150313.jpg\"><img loading=\"lazy\" decoding=\"async\" class=\"size-medium wp-image-692489\" alt=\"De izquierda a derecha, Josep Borrell, Manuel Gracia y Vicente Guzm\u00e1n\" src=\"https:\/\/www.upo.es\/diario\/wp-content\/uploads\/2013\/03\/jparlamento150313-320x205.jpg\" width=\"320\" height=\"205\" srcset=\"https:\/\/www.upo.es\/diario\/wp-content\/uploads\/2013\/03\/jparlamento150313-320x205.jpg 320w, https:\/\/www.upo.es\/diario\/wp-content\/uploads\/2013\/03\/jparlamento150313-1024x657.jpg 1024w, https:\/\/www.upo.es\/diario\/wp-content\/uploads\/2013\/03\/jparlamento150313-600x385.jpg 600w\" sizes=\"auto, (max-width: 320px) 100vw, 320px\" \/><\/a><figcaption id=\"caption-attachment-692489\" class=\"wp-caption-text\">De izquierda a derecha, Josep Borrell, Manuel Gracia y Vicente Guzm\u00e1n<\/figcaption><\/figure>\n<p>El rector de la Universidad Pablo de Olavide, Vicente Guzm\u00e1n, ha participado hoy viernes<strong>\u00a0<\/strong>en la \u00faltima sesi\u00f3n de las jornadas <a href=\"http:\/\/www.parlamentodeandalucia.es\/opencms\/export\/portal-web-parlamento\/destacados\/destacado_jornadas_desafios_ue.htm\">\u201cLos desaf\u00edos de la Uni\u00f3n Europea\u201d<\/a>. El rector<strong> ha presentado al ponente Josep Borrell, ex presidente del Parlamento Europeo, quien ha impartido la conferencia de clausura bajo el t\u00edtulo \u201c\u00bfPor qu\u00e9 Europa y por qu\u00e9 la crisis?\u201d<\/strong>.<\/p>\n<p>El <a href=\"http:\/\/www.parlamentodeandalucia.es\/webdinamica\/portal-web-parlamento\/inicio.do\">Parlamento de Andaluc\u00eda<\/a> culmina as\u00ed estas jornadas con la quinta y \u00faltima sesi\u00f3n de conferencias y mesa redonda que han girado en torno a las respuestas que puede dar Europa a la situaci\u00f3n de crisis econ\u00f3mica internacional. Se trata de una tem\u00e1tica de plena actualidad con la que se quieren realizar aportaciones a la superaci\u00f3n de dificultades y revalorizar el papel de la pol\u00edtica europea en nuestra regi\u00f3n.<\/p>\n<p>Los alumnos de las universidades de Sevilla y Pablo de Olavide, as\u00ed como los profesionales de cada una de las materias que se han abordado en estas jornadas, cierran con la sesi\u00f3n de este viernes un ciclo en el que se ha realizado una aproximaci\u00f3n a la unidad pol\u00edtica, econ\u00f3mica y jur\u00eddica de Europa, la vinculaci\u00f3n de la UE con pa\u00edses y comunidades aut\u00f3nomas; el papel de la ciudadan\u00eda, la innovaci\u00f3n o la pol\u00edtica agraria com\u00fan, entre otros asuntos.<\/p>\n<p>Las jornadas han sido clausuradas por el presidente del Parlamento, Manuel Gracia.<\/p>\n<p>&nbsp;<\/p>\n<p>&nbsp;<\/p>\n","protected":false},"excerpt":{"rendered":"<p>El rector de la Universidad Pablo de Olavide, Vicente Guzm\u00e1n,   ha participado hoy viernes en la \u00faltima sesi\u00f3n de las jornadas \u201cLos desaf\u00edos de la Uni\u00f3n Europea\u201d. El rector ha presentado al ponente Josep Borrell, ex presidente del Parlamento Europeo, quien ha impartido la conferencia de clausura bajo el t\u00edtulo \u201c\u00bfPor qu\u00e9 Europa y por qu\u00e9 la crisis?\u201d.<\/p>\n","protected":false},"author":2,"featured_media":0,"comment_status":"closed","ping_status":"open","sticky":false,"template":"","format":"standard","meta":{"_monsterinsights_skip_tracking":false,"_monsterinsights_sitenote_active":false,"_monsterinsights_sitenote_note":"","_monsterinsights_sitenote_category":0,"footnotes":""},"categories":[6],"tags":[84,138,38,68],"class_list":["post-690423","post","type-post","status-publish","format-standard","hentry","category-institucional","tag-jornadas","tag-parlamento","tag-rector","tag-union-europea"],"_links":{"self":[{"href":"https:\/\/www.upo.es\/diario\/wp-json\/wp\/v2\/posts\/690423","targetHints":{"allow":["GET"]}}],"collection":[{"href":"https:\/\/www.upo.es\/diario\/wp-json\/wp\/v2\/posts"}],"about":[{"href":"https:\/\/www.upo.es\/diario\/wp-json\/wp\/v2\/types\/post"}],"author":[{"embeddable":true,"href":"https:\/\/www.upo.es\/diario\/wp-json\/wp\/v2\/users\/2"}],"replies":[{"embeddable":true,"href":"https:\/\/www.upo.es\/diario\/wp-json\/wp\/v2\/comments?post=690423"}],"version-history":[{"count":10,"href":"https:\/\/www.upo.es\/diario\/wp-json\/wp\/v2\/posts\/690423\/revisions"}],"predecessor-version":[{"id":697090,"href":"https:\/\/www.upo.es\/diario\/wp-json\/wp\/v2\/posts\/690423\/revisions\/697090"}],"wp:attachment":[{"href":"https:\/\/www.upo.es\/diario\/wp-json\/wp\/v2\/media?parent=690423"}],"wp:term":[{"taxonomy":"category","embeddable":true,"href":"https:\/\/www.upo.es\/diario\/wp-json\/wp\/v2\/categories?post=690423"},{"taxonomy":"post_tag","embeddable":true,"href":"https:\/\/www.upo.es\/diario\/wp-json\/wp\/v2\/tags?post=690423"}],"curies":[{"name":"wp","href":"https:\/\/api.w.org\/{rel}","templated":true}]}}