{"id":6911010,"date":"2014-11-24T08:12:53","date_gmt":"2014-11-24T08:12:53","guid":{"rendered":"https:\/\/www.upo.es\/diario\/?p=6911010"},"modified":"2014-11-24T08:12:53","modified_gmt":"2014-11-24T08:12:53","slug":"sobresaliente-cum-laude-para-la-tesis-organizacion-topologica-de-la-corteza-cerebral-en-el-envejecimiento-normal-y-en-la-enfermedad-de-alzheimer","status":"publish","type":"post","link":"https:\/\/www.upo.es\/diario\/tesis\/2014\/11\/sobresaliente-cum-laude-para-la-tesis-organizacion-topologica-de-la-corteza-cerebral-en-el-envejecimiento-normal-y-en-la-enfermedad-de-alzheimer\/","title":{"rendered":"Sobresaliente Cum Laude para la tesis \u201cOrganizaci\u00f3n topol\u00f3gica de la corteza cerebral en el envejecimiento normal y en la enfermedad de alzheimer\u201d"},"content":{"rendered":"<p>El pasado viernes tuvo lugar en la sala de grados del edificio 6 la defensa p\u00fablica de la tesis doctoral titulada \u00abOrganizaci\u00f3n topol\u00f3gica de la corteza cerebral en el envejecimiento normal y en la enfermedad de alzheimer\u201d, de la que es autor Rafael Romero Garc\u00eda. Esta tesis doctoral, dirigida por los profesores Jos\u00e9 Luis Cantero Lorente y Mercedes Atienza Ruiz, de la Universidad Pablo de Olavide, ha obtenido la calificaci\u00f3n de Sobresaliente Cum Laude y la menci\u00f3n de Doctor Internacional.<\/p>\n","protected":false},"excerpt":{"rendered":"<p>El pasado viernes tuvo lugar en la sala de grados del edificio 6 la defensa p\u00fablica de la tesis doctoral titulada \u00abOrganizaci\u00f3n topol\u00f3gica de la corteza cerebral en el envejecimiento normal y en la enfermedad de alzheimer\u201d, de la que es autor Rafael Romero Garc\u00eda. Esta tesis doctoral, dirigida por los profesores Jos\u00e9 Luis Cantero Lorente y Mercedes Atienza Ruiz, de la Universidad Pablo de Olavide, ha obtenido la calificaci\u00f3n de Sobresaliente Cum Laude y la menci\u00f3n de Doctor Internacional. <\/p>\n","protected":false},"author":5,"featured_media":0,"comment_status":"closed","ping_status":"open","sticky":false,"template":"","format":"standard","meta":{"_monsterinsights_skip_tracking":false,"_monsterinsights_sitenote_active":false,"_monsterinsights_sitenote_note":"","_monsterinsights_sitenote_category":0,"footnotes":""},"categories":[119],"tags":[272,114],"class_list":["post-6911010","post","type-post","status-publish","format-standard","hentry","category-tesis","tag-alzheimer","tag-neurociencia"],"_links":{"self":[{"href":"https:\/\/www.upo.es\/diario\/wp-json\/wp\/v2\/posts\/6911010","targetHints":{"allow":["GET"]}}],"collection":[{"href":"https:\/\/www.upo.es\/diario\/wp-json\/wp\/v2\/posts"}],"about":[{"href":"https:\/\/www.upo.es\/diario\/wp-json\/wp\/v2\/types\/post"}],"author":[{"embeddable":true,"href":"https:\/\/www.upo.es\/diario\/wp-json\/wp\/v2\/users\/5"}],"replies":[{"embeddable":true,"href":"https:\/\/www.upo.es\/diario\/wp-json\/wp\/v2\/comments?post=6911010"}],"version-history":[{"count":0,"href":"https:\/\/www.upo.es\/diario\/wp-json\/wp\/v2\/posts\/6911010\/revisions"}],"wp:attachment":[{"href":"https:\/\/www.upo.es\/diario\/wp-json\/wp\/v2\/media?parent=6911010"}],"wp:term":[{"taxonomy":"category","embeddable":true,"href":"https:\/\/www.upo.es\/diario\/wp-json\/wp\/v2\/categories?post=6911010"},{"taxonomy":"post_tag","embeddable":true,"href":"https:\/\/www.upo.es\/diario\/wp-json\/wp\/v2\/tags?post=6911010"}],"curies":[{"name":"wp","href":"https:\/\/api.w.org\/{rel}","templated":true}]}}