{"id":6914739,"date":"2014-11-24T05:59:23","date_gmt":"2014-11-24T05:59:23","guid":{"rendered":"https:\/\/www.upo.es\/diario\/?p=6914739"},"modified":"2014-11-25T14:27:47","modified_gmt":"2014-11-25T14:27:47","slug":"hoy-comienza-a-pintarse-el-mural-conga-historica-en-el-espacio-cultural-antigua-guarderia-de-la-upo","status":"publish","type":"post","link":"https:\/\/www.upo.es\/diario\/institucional\/2014\/11\/hoy-comienza-a-pintarse-el-mural-conga-historica-en-el-espacio-cultural-antigua-guarderia-de-la-upo\/","title":{"rendered":"Comienza a pintarse el mural \u2018Conga Hist\u00f3rica\u2019 en el Espacio Cultural Antigua Guarder\u00eda de la UPO"},"content":{"rendered":"<figure id=\"attachment_691474\" aria-describedby=\"caption-attachment-691474\" style=\"width: 600px\" class=\"wp-caption aligncenter\"><a href=\"https:\/\/www.upo.es\/diario\/wp-content\/uploads\/2014\/11\/Conga_Hist\u00f3rica_2.jpg\"><img loading=\"lazy\" decoding=\"async\" class=\"size-large wp-image-6914742 \" alt=\"Conga_Hist\u00f3rica_2\" src=\"https:\/\/www.upo.es\/diario\/wp-content\/uploads\/2014\/11\/Conga_Hist\u00f3rica_2-600x400.jpg\" width=\"600\" height=\"400\" srcset=\"https:\/\/www.upo.es\/diario\/wp-content\/uploads\/2014\/11\/Conga_Hist\u00f3rica_2-600x400.jpg 600w, https:\/\/www.upo.es\/diario\/wp-content\/uploads\/2014\/11\/Conga_Hist\u00f3rica_2-320x213.jpg 320w, https:\/\/www.upo.es\/diario\/wp-content\/uploads\/2014\/11\/Conga_Hist\u00f3rica_2.jpg 1200w\" sizes=\"auto, (max-width: 600px) 100vw, 600px\" \/><\/a><figcaption id=\"caption-attachment-691474\" class=\"wp-caption-text\">Uno de los estudiantes prepara la fachada de la Antigua Guarder\u00eda antes de plasmar el nuevo mural &#8216;Conga Hist\u00f3rica&#8217;<\/figcaption><\/figure>\n<p>Hasta el pr\u00f3ximo viernes 28,\u00a0\u00a0 se realiza, en el Espacio Cultural Antigua Guarder\u00eda (ECAG), el mural <strong>\u2018Conga Hist\u00f3rica\u2019. Los encargados del dise\u00f1o y de plasmar este proyecto art\u00edstico son Francisco Javier Rodr\u00edguez, Manuel Romero Fern\u00e1ndez, Antonio Joaqu\u00edn Gonz\u00e1lez y Jos\u00e9 Orqu\u00edn Carretero,\u00a0<\/strong>estudiantes de la US y la UPO que presentaron el <strong>boceto ganador del concurso\u00a0<\/strong><strong>\u2018Si las paredes hablaran\u2026\u2019<\/strong> convocado por el Vicerrectorado de Estudiantes, Cultura y Participaci\u00f3n Social de la Olavide para transformar el exterior del edificio que, en la actualidad, aloja las actividades del Coro Universitario, la Pe\u00f1a Flamenca y el taller de teatro de la Universidad Pablo de Olavide adem\u00e1s de otros eventos culturales que tienen lugar en el campus. Est\u00e1 previsto que el mural est\u00e9 terminado el viernes 28 de noviembre.<\/p>\n<figure id=\"attachment_6860190\" aria-describedby=\"caption-attachment-6860190\" style=\"width: 320px\" class=\"wp-caption alignright\"><a href=\"https:\/\/www.upo.es\/diario\/wp-content\/uploads\/2014\/11\/boceto-conga-hca-1.jpg\"><img loading=\"lazy\" decoding=\"async\" class=\"size-medium wp-image-6860190\" alt=\"Boceto ganador del concurso\u2018Si las paredes hablaran\u2026\u2019\" src=\"https:\/\/www.upo.es\/diario\/wp-content\/uploads\/2014\/11\/boceto-conga-hca-1-320x226.jpg\" width=\"320\" height=\"226\" srcset=\"https:\/\/www.upo.es\/diario\/wp-content\/uploads\/2014\/11\/boceto-conga-hca-1-320x226.jpg 320w, https:\/\/www.upo.es\/diario\/wp-content\/uploads\/2014\/11\/boceto-conga-hca-1-600x424.jpg 600w\" sizes=\"auto, (max-width: 320px) 100vw, 320px\" \/><\/a><figcaption id=\"caption-attachment-6860190\" class=\"wp-caption-text\">Boceto ganador del concurso\u2018Si las paredes hablaran\u2026\u2019<\/figcaption><\/figure>\n<p>Seg\u00fan Francisco Javier Rodr\u00edguez Rufo, estudiante de Bellas Artes en la Universidad de Sevilla y representante del grupo, la idea de la pintura mural, para el que emplear\u00e1n una t\u00e9cnica art\u00edstica mixta,<\/p>\n<p>era representar civilizaciones y personajes hist\u00f3ricos enlazados entre s\u00ed con un toque de humor. El mural \u2018Conga Hist\u00f3rica\u2019 ocupar\u00e1 dos de los muros del ECAG y result\u00f3 ganador por ser el proyecto que mejor se adapta al espacio a intervenir y reflejar adecuadamente la tem\u00e1tica del concurso, \u2018Arte y sociedad\u2019. Adem\u00e1s de los materiales y el apoyo para su realizaci\u00f3n, los estudiantes recibir\u00e1n un premio de 450 euros.<\/p>\n<p>La idea de transformar el Espacio Cultural Antigua Guarder\u00eda convocando un concurso abierto para la realizaci\u00f3n de un mural colectivo ha sido posible gracias al Proyecto Atalaya, una iniciativa de las universidades p\u00fablicas andaluzas y la Junta de Andaluc\u00eda para fomentar la cultura y las artes en las universidades.<\/p>\n","protected":false},"excerpt":{"rendered":"<p>Hasta el pr\u00f3ximo viernes 28,   se realiza, en el Espacio Cultural Antigua Guarder\u00eda (ECAG), el mural \u2018Conga Hist\u00f3rica\u2019. Los encargados del dise\u00f1o y de plasmar este proyecto art\u00edstico son Francisco Javier Rodr\u00edguez, Manuel Romero Fern\u00e1ndez, Antonio Joaqu\u00edn Gonz\u00e1lez y Jos\u00e9 Orqu\u00edn Carretero, estudiantes de la US y la UPO que presentaron el boceto ganador del concurso \u2018Si las paredes hablaran\u2026\u2019<\/p>\n","protected":false},"author":9,"featured_media":0,"comment_status":"closed","ping_status":"open","sticky":false,"template":"","format":"standard","meta":{"_monsterinsights_skip_tracking":false,"_monsterinsights_sitenote_active":false,"_monsterinsights_sitenote_note":"","_monsterinsights_sitenote_category":0,"footnotes":""},"categories":[6],"tags":[2037,2038,21,1962,491],"class_list":["post-6914739","post","type-post","status-publish","format-standard","hentry","category-institucional","tag-conga-historica","tag-espacio-cultural-antigua-guarderia","tag-estudiantes","tag-si-las-paredes-hablaran","tag-upo"],"_links":{"self":[{"href":"https:\/\/www.upo.es\/diario\/wp-json\/wp\/v2\/posts\/6914739","targetHints":{"allow":["GET"]}}],"collection":[{"href":"https:\/\/www.upo.es\/diario\/wp-json\/wp\/v2\/posts"}],"about":[{"href":"https:\/\/www.upo.es\/diario\/wp-json\/wp\/v2\/types\/post"}],"author":[{"embeddable":true,"href":"https:\/\/www.upo.es\/diario\/wp-json\/wp\/v2\/users\/9"}],"replies":[{"embeddable":true,"href":"https:\/\/www.upo.es\/diario\/wp-json\/wp\/v2\/comments?post=6914739"}],"version-history":[{"count":11,"href":"https:\/\/www.upo.es\/diario\/wp-json\/wp\/v2\/posts\/6914739\/revisions"}],"predecessor-version":[{"id":6934582,"href":"https:\/\/www.upo.es\/diario\/wp-json\/wp\/v2\/posts\/6914739\/revisions\/6934582"}],"wp:attachment":[{"href":"https:\/\/www.upo.es\/diario\/wp-json\/wp\/v2\/media?parent=6914739"}],"wp:term":[{"taxonomy":"category","embeddable":true,"href":"https:\/\/www.upo.es\/diario\/wp-json\/wp\/v2\/categories?post=6914739"},{"taxonomy":"post_tag","embeddable":true,"href":"https:\/\/www.upo.es\/diario\/wp-json\/wp\/v2\/tags?post=6914739"}],"curies":[{"name":"wp","href":"https:\/\/api.w.org\/{rel}","templated":true}]}}