{"id":6933076,"date":"2014-11-25T12:29:41","date_gmt":"2014-11-25T12:29:41","guid":{"rendered":"https:\/\/www.upo.es\/diario\/?p=6933076"},"modified":"2014-11-25T12:29:41","modified_gmt":"2014-11-25T12:29:41","slug":"el-rector-de-la-upo-y-el-secretario-general-provincial-de-la-confederacion-espanola-de-policia-firman-un-convenio","status":"publish","type":"post","link":"https:\/\/www.upo.es\/diario\/institucional\/2014\/11\/el-rector-de-la-upo-y-el-secretario-general-provincial-de-la-confederacion-espanola-de-policia-firman-un-convenio\/","title":{"rendered":"El rector de la UPO y el secretario general provincial de la Confederaci\u00f3n Espa\u00f1ola de Polic\u00eda firman un convenio"},"content":{"rendered":"<figure id=\"attachment_6933077\" aria-describedby=\"caption-attachment-6933077\" style=\"width: 320px\" class=\"wp-caption alignright\"><a href=\"https:\/\/www.upo.es\/diario\/wp-content\/uploads\/2014\/11\/firma_convenio_1.jpg\"><img loading=\"lazy\" decoding=\"async\" class=\"size-medium wp-image-6933077 \" alt=\"El rector de la UPO, Vicente Guzm\u00e1n Fluja, y el \" src=\"https:\/\/www.upo.es\/diario\/wp-content\/uploads\/2014\/11\/firma_convenio_1-320x213.jpg\" width=\"320\" height=\"213\" srcset=\"https:\/\/www.upo.es\/diario\/wp-content\/uploads\/2014\/11\/firma_convenio_1-320x213.jpg 320w, https:\/\/www.upo.es\/diario\/wp-content\/uploads\/2014\/11\/firma_convenio_1-600x400.jpg 600w, https:\/\/www.upo.es\/diario\/wp-content\/uploads\/2014\/11\/firma_convenio_1.jpg 1200w\" sizes=\"auto, (max-width: 320px) 100vw, 320px\" \/><\/a><figcaption id=\"caption-attachment-6933077\" class=\"wp-caption-text\">El rector de la UPO, Vicente Guzm\u00e1n Fluja, y el secretario general provincial de la Confederaci\u00f3n Espa\u00f1ola de Polic\u00eda, \u00c1ngel Reina Vera.<\/figcaption><\/figure>\n<p>El rector de la Universidad Pablo de Olavide, Vicente Guzm\u00e1n Fluja, y el secretario general provincial de la Confederaci\u00f3n Espa\u00f1ola de Polic\u00eda, \u00c1ngel Reina Vera, han firmado un protocolo de colaboraci\u00f3n que sienta las bases para la realizaci\u00f3n de actividades formativas que se llevar\u00e1n a cabo conjuntamente.<\/p>\n<p>La firma de este convenio tiene por objeto fijar el marco para las relaciones entre ambas instituciones, y responde al objetivo principal de, mediante convenios espec\u00edficos, desarrollar distintos \u00e1mbitos de cooperaci\u00f3n. As\u00ed, en el \u00e1mbito de este acuerdo est\u00e1 prevista la formalizaci\u00f3n de acuerdos para pr\u00e1cticas de estudiantes, as\u00ed como para el desarrollo de actividades conjuntas en el \u00e1rea formativa y de investigaci\u00f3n.<\/p>\n<p>Tanto el rector de la UPO como el secretario general provincial de la CEP han mostrado su satisfacci\u00f3n por la firma de este convenio que permitir\u00e1 a ambas instituciones estrechar relaciones y organizar actividades de manera conjunta.<\/p>\n","protected":false},"excerpt":{"rendered":"<p>El rector de la Universidad Pablo de Olavide, Vicente Guzm\u00e1n Fluja, y el secretario general provincial de la Confederaci\u00f3n Espa\u00f1ola de Polic\u00eda, \u00c1ngel Reina Vera, han firmado un protocolo de colaboraci\u00f3n que sienta las bases para la realizaci\u00f3n de actividades formativas que se llevar\u00e1n a cabo conjuntamente.<\/p>\n","protected":false},"author":8,"featured_media":0,"comment_status":"closed","ping_status":"open","sticky":false,"template":"","format":"standard","meta":{"_monsterinsights_skip_tracking":false,"_monsterinsights_sitenote_active":false,"_monsterinsights_sitenote_note":"","_monsterinsights_sitenote_category":0,"footnotes":""},"categories":[6],"tags":[1979,326,1425,1987,1915],"class_list":["post-6933076","post","type-post","status-publish","format-standard","hentry","category-institucional","tag-cep","tag-convenio","tag-firma","tag-protocolo-de-colaboracion","tag-vicente-guzman-fluja"],"_links":{"self":[{"href":"https:\/\/www.upo.es\/diario\/wp-json\/wp\/v2\/posts\/6933076","targetHints":{"allow":["GET"]}}],"collection":[{"href":"https:\/\/www.upo.es\/diario\/wp-json\/wp\/v2\/posts"}],"about":[{"href":"https:\/\/www.upo.es\/diario\/wp-json\/wp\/v2\/types\/post"}],"author":[{"embeddable":true,"href":"https:\/\/www.upo.es\/diario\/wp-json\/wp\/v2\/users\/8"}],"replies":[{"embeddable":true,"href":"https:\/\/www.upo.es\/diario\/wp-json\/wp\/v2\/comments?post=6933076"}],"version-history":[{"count":2,"href":"https:\/\/www.upo.es\/diario\/wp-json\/wp\/v2\/posts\/6933076\/revisions"}],"predecessor-version":[{"id":6933079,"href":"https:\/\/www.upo.es\/diario\/wp-json\/wp\/v2\/posts\/6933076\/revisions\/6933079"}],"wp:attachment":[{"href":"https:\/\/www.upo.es\/diario\/wp-json\/wp\/v2\/media?parent=6933076"}],"wp:term":[{"taxonomy":"category","embeddable":true,"href":"https:\/\/www.upo.es\/diario\/wp-json\/wp\/v2\/categories?post=6933076"},{"taxonomy":"post_tag","embeddable":true,"href":"https:\/\/www.upo.es\/diario\/wp-json\/wp\/v2\/tags?post=6933076"}],"curies":[{"name":"wp","href":"https:\/\/api.w.org\/{rel}","templated":true}]}}