{"id":6933080,"date":"2014-11-25T12:40:12","date_gmt":"2014-11-25T12:40:12","guid":{"rendered":"https:\/\/www.upo.es\/diario\/?p=6933080"},"modified":"2014-11-25T14:30:15","modified_gmt":"2014-11-25T14:30:15","slug":"presentacion-de-las-i-jornadas-sobre-historia-politica-y-economica-como-hemos-llegado-hasta-aqui","status":"publish","type":"post","link":"https:\/\/www.upo.es\/diario\/institucional\/2014\/11\/presentacion-de-las-i-jornadas-sobre-historia-politica-y-economica-como-hemos-llegado-hasta-aqui\/","title":{"rendered":"Presentaci\u00f3n de las I Jornadas sobre Historia Pol\u00edtica y Econ\u00f3mica \u201c\u00bfC\u00f3mo hemos llegado hasta aqu\u00ed?\u201d"},"content":{"rendered":"<figure id=\"attachment_6933081\" aria-describedby=\"caption-attachment-6933081\" style=\"width: 320px\" class=\"wp-caption alignright\"><a href=\"https:\/\/www.upo.es\/diario\/wp-content\/uploads\/2014\/11\/jornadas_sice_hapolitica.jpg\"><img loading=\"lazy\" decoding=\"async\" class=\"size-medium wp-image-6933081\" alt=\"De izquierda a derecha, Ram\u00f3n S\u00e1nchez, vicepresidente de SICE Asociaci\u00f3n; Antonio Herrera, director general de Estudiantes de la UPO; Pablo Fern\u00e1ndez, presidente de SICE Asociaci\u00f3n, y Blanca Garc\u00eda, secretaria de SICE Asociaci\u00f3n.\" src=\"https:\/\/www.upo.es\/diario\/wp-content\/uploads\/2014\/11\/jornadas_sice_hapolitica-320x213.jpg\" width=\"320\" height=\"213\" srcset=\"https:\/\/www.upo.es\/diario\/wp-content\/uploads\/2014\/11\/jornadas_sice_hapolitica-320x213.jpg 320w, https:\/\/www.upo.es\/diario\/wp-content\/uploads\/2014\/11\/jornadas_sice_hapolitica-600x400.jpg 600w, https:\/\/www.upo.es\/diario\/wp-content\/uploads\/2014\/11\/jornadas_sice_hapolitica.jpg 1200w\" sizes=\"auto, (max-width: 320px) 100vw, 320px\" \/><\/a><figcaption id=\"caption-attachment-6933081\" class=\"wp-caption-text\">De izquierda a derecha: Ram\u00f3n S\u00e1nchez, vicepresidente de SICE Asociaci\u00f3n; Antonio Herrera, director general de Estudiantes de la UPO; Pablo Fern\u00e1ndez, presidente de SICE Asociaci\u00f3n, y Blanca Garc\u00eda, secretaria de SICE Asociaci\u00f3n.<\/figcaption><\/figure>\n<p>El director general de Estudiantes de la UPO, Antonio Herrera G\u00f3nzalez de Molina, junto con los miembros de la directiva de SICE Asociaci\u00f3n, los estudiantes Pablo Fern\u00e1ndez, Ram\u00f3n S\u00e1nchez y Blanca Garc\u00eda, han presentado en la sala de prensa del edificio Rosario Valpuesta, sede del Rectorado de la Universidad Pablo de Olavide, las<strong> I Jornadas sobre Historia Pol\u00edtica y Econ\u00f3mica \u201c\u00bfC\u00f3mo hemos llegado hasta aqu\u00ed?\u201d<\/strong>, organizadas por SICE Asociaci\u00f3n, con la colaboraci\u00f3n del Vicerrectorado de Estudiantes, Cultura y Compromiso Social de la UPO.<\/p>\n<p>Estas jornadas, que se desarrollar\u00e1n durante los d\u00edas 3 y 4 de diciembre en el sal\u00f3n de grados de la biblioteca de la UPO, en horario de 16 a 19.30 horas, tratar\u00e1n a diferentes niveles y desde un punto de vista hist\u00f3rico, el pasado, presente y futuro de las causas econ\u00f3micas y pol\u00edticas que han dado lugar a la situaci\u00f3n de crisis actual. Para ello contar\u00e1n con la participaci\u00f3n de expertos en este tema de las universidades p\u00fablicas andaluzas Pablo de Olavide, Sevilla y M\u00e1laga.<\/p>\n<p>Las I Jornadas sobre Historia Pol\u00edtica y Econ\u00f3mica \u201c\u00bfC\u00f3mo hemos llegado hasta aqu\u00ed? son la primera actividad de un conjunto de jornadas formativas que SICE Asociaci\u00f3n ha organizado para el curso 2014-2015, con el objetivo de fomentar la relaci\u00f3n entre los j\u00f3venes y la pol\u00edtica y la creaci\u00f3n, a partir de la formaci\u00f3n, de una conciencia cr\u00edtica respecto al sistema social, pol\u00edtico y econ\u00f3mico que les rodea. Est\u00e1n dirigidas a la comunidad universitaria y al p\u00fablico en general; \u00a0y\u00a0 la entrada es libre hasta completar aforo.<\/p>\n<p><b>\u00a0<\/b><\/p>\n<p><b>PROGRAMA JORNADAS \u201c\u00bfC\u00d3MO HEMOS LLEGADO HASTA AQU\u00cd?\u201d<\/b><\/p>\n<div><strong>Mi\u00e9rcoles, 3 de diciembre<\/strong><\/div>\n<div>Sal\u00f3n de Grados de la Biblioteca<\/div>\n<div><\/div>\n<div>\n<ul>\n<li>16:00h. \u201cLas causas estructurales de la Gran Recesi\u00f3n\u201d, impartida por Lina G\u00e1lvez, catedr\u00e1tica de Historia e Instituciones Econ\u00f3micas de la UPO.<\/li>\n<li>17:15h. \u201cPasado, presente \u00bfy futuro de la democracia?\u201d a cargo de Antonio Herrera, doctor en Historia Contempor\u00e1nea y profesor de la UPO.<\/li>\n<li>18:30h. \u201cLa opini\u00f3n p\u00fablica: desaf\u00edos y nuevas tendencias\u201d impartida por Cristina Rosillo, doctora en Historia Antigua y profesora de Historia Econ\u00f3mica de la UPO.<\/li>\n<\/ul>\n<\/div>\n<div><\/div>\n<div><strong>Jueves, 4 de diciembre<\/strong><\/div>\n<div>Sal\u00f3n de Grados de la Biblioteca<\/div>\n<div><\/div>\n<div>\n<ul>\n<li>16:00h. \u201cEntre la Gran Depresi\u00f3n y la Gran Recesi\u00f3n. Finanzas, pol\u00edtica y teor\u00eda econ\u00f3mica en tiempos de crisis\u201d a cargo de Pablo Guti\u00e9rrez, del Departamento de Econom\u00eda e Historia Econ\u00f3mica de la Universidad de Sevilla.<\/li>\n<li>17:15h. \u201cAlgunas consideraciones sobre Sevilla la roja\u201d impartida por Alejandro S\u00e1nchez, escritor y licenciado en Historia por la Universidad de M\u00e1laga.<\/li>\n<li>18:30h. \u201cEl papel de las diputaciones provinciales: historia y situaci\u00f3n actual\u201d a cargo de Jean Baptiste Harguind\u00e9guy, profesor de An\u00e1lisis de Pol\u00edticas P\u00fablicas y de la Administraci\u00f3n de la UPO.<\/li>\n<\/ul>\n<\/div>\n","protected":false},"excerpt":{"rendered":"<p>El director general de Estudiantes de la UPO, Antonio Herrera G\u00f3nzalez de Molina, junto con los miembros de la directiva de SICE Asociaci\u00f3n, los estudiantes Pablo Fern\u00e1ndez, Ram\u00f3n S\u00e1nchez y Blanca Garc\u00eda, han presentado en la sala de prensa del edificio Rosario Valpuesta, sede del Rectorado de la Universidad Pablo de Olavide, las I Jornadas sobre Historia Pol\u00edtica y Econ\u00f3mica \u201c\u00bfC\u00f3mo hemos llegado hasta aqu\u00ed?\u201d.<\/p>\n","protected":false},"author":8,"featured_media":0,"comment_status":"closed","ping_status":"open","sticky":false,"template":"","format":"standard","meta":{"_monsterinsights_skip_tracking":false,"_monsterinsights_sitenote_active":false,"_monsterinsights_sitenote_note":"","_monsterinsights_sitenote_category":0,"footnotes":""},"categories":[6],"tags":[144,63,150,84,76,276,1265],"class_list":["post-6933080","post","type-post","status-publish","format-standard","hentry","category-institucional","tag-crisis","tag-economia","tag-historia","tag-jornadas","tag-politica","tag-sice","tag-vicerrectorado-de-estudiantes-cultura-y-compromiso-social"],"_links":{"self":[{"href":"https:\/\/www.upo.es\/diario\/wp-json\/wp\/v2\/posts\/6933080","targetHints":{"allow":["GET"]}}],"collection":[{"href":"https:\/\/www.upo.es\/diario\/wp-json\/wp\/v2\/posts"}],"about":[{"href":"https:\/\/www.upo.es\/diario\/wp-json\/wp\/v2\/types\/post"}],"author":[{"embeddable":true,"href":"https:\/\/www.upo.es\/diario\/wp-json\/wp\/v2\/users\/8"}],"replies":[{"embeddable":true,"href":"https:\/\/www.upo.es\/diario\/wp-json\/wp\/v2\/comments?post=6933080"}],"version-history":[{"count":3,"href":"https:\/\/www.upo.es\/diario\/wp-json\/wp\/v2\/posts\/6933080\/revisions"}],"predecessor-version":[{"id":6934584,"href":"https:\/\/www.upo.es\/diario\/wp-json\/wp\/v2\/posts\/6933080\/revisions\/6934584"}],"wp:attachment":[{"href":"https:\/\/www.upo.es\/diario\/wp-json\/wp\/v2\/media?parent=6933080"}],"wp:term":[{"taxonomy":"category","embeddable":true,"href":"https:\/\/www.upo.es\/diario\/wp-json\/wp\/v2\/categories?post=6933080"},{"taxonomy":"post_tag","embeddable":true,"href":"https:\/\/www.upo.es\/diario\/wp-json\/wp\/v2\/tags?post=6933080"}],"curies":[{"name":"wp","href":"https:\/\/api.w.org\/{rel}","templated":true}]}}