{"id":6933831,"date":"2014-11-25T00:10:07","date_gmt":"2014-11-25T00:10:07","guid":{"rendered":"https:\/\/www.upo.es\/diario\/?p=6933831"},"modified":"2014-11-26T14:01:22","modified_gmt":"2014-11-26T14:01:22","slug":"manana-comienza-en-ecuador-el-ii-congreso-sobre-estudios-de-diversidad-sexual","status":"publish","type":"post","link":"https:\/\/www.upo.es\/diario\/institucional\/2014\/11\/manana-comienza-en-ecuador-el-ii-congreso-sobre-estudios-de-diversidad-sexual\/","title":{"rendered":"Comienza en Ecuador el II Congreso sobre Estudios de Diversidad Sexual"},"content":{"rendered":"<p><a href=\"https:\/\/www.upo.es\/diario\/wp-content\/uploads\/2014\/07\/cartel_diversidadsexual.jpg\"><img loading=\"lazy\" decoding=\"async\" class=\"aligncenter size-large wp-image-4946238\" alt=\"cartel_diversidadsexual\" src=\"https:\/\/www.upo.es\/diario\/wp-content\/uploads\/2014\/07\/cartel_diversidadsexual-600x250.jpg\" width=\"600\" height=\"250\" srcset=\"https:\/\/www.upo.es\/diario\/wp-content\/uploads\/2014\/07\/cartel_diversidadsexual-600x250.jpg 600w, https:\/\/www.upo.es\/diario\/wp-content\/uploads\/2014\/07\/cartel_diversidadsexual-320x133.jpg 320w, https:\/\/www.upo.es\/diario\/wp-content\/uploads\/2014\/07\/cartel_diversidadsexual.jpg 960w\" sizes=\"auto, (max-width: 600px) 100vw, 600px\" \/><\/a>Ma\u00f1ana mi\u00e9rcoles 26 de noviembre dar\u00e1 comienzo en la ciudad ecuatoriana de Cuenca el <strong><a href=\"http:\/\/www.upo.es\/lies\/congreso2\/envio.html\">II Congreso Internacional sobre Estudios de Diversidad Sexual en Iberoam\u00e9rica<\/a><\/strong> organizado por la Universidad Pablo de Olavide, la Universidad de Cuenca (Ecuador) y la Universidad Sim\u00f3n Bol\u00edvar (Quito). Bajo el lema \u201cRepresi\u00f3n, resistencia y cotidianidades\u201d, este encuentro reunir\u00e1 hasta el s\u00e1bado 29 de noviembre a destacados investigadores europeos y americanos en sexualidad quienes, desde diversas ramas del conocimiento y de la intervenci\u00f3n, abordar\u00e1n cuestiones como sexualidad y diversidad cultural, su relaci\u00f3n con las instituciones o los movimientos sociales de los grupos feministas.<\/p>\n<p>Las investigaciones sobre sexualidad han adquirido una importante relevancia desde el punto de vista cient\u00edfico, pero tambi\u00e9n social, afirman los organizadores del congreso. Sin embargo, y pese a los avances te\u00f3ricos en esta materia, existe una escasa visibilizaci\u00f3n de las investigaciones que se est\u00e1n realizando en el \u00e1mbito iberoamericano, as\u00ed como a una escasa articulaci\u00f3n de los investigadores que trabajan en esta tem\u00e1tica. De este modo, el congreso tiene como fin visibilizar este trabajo cient\u00edfico y hacer las veces de foro de difusi\u00f3n y debate.<\/p>\n<p>La presentaci\u00f3n del congreso, con el t\u00edtulo \u201cDerechos humanos desde la cotidianidad\u201d, estar\u00e1 a cargo de Piedad V\u00e1zquez, del Aula de Derechos Humanos de la C\u00e1tedra Mart\u00edn Bar\u00f3 de la Universidad de Cuenca, mientras que Oscar Guasch, profesor de Universidad de Barcelona, ser\u00e1 el encargado de inaugurar el congreso con su charla \u201cCuerpo, g\u00e9nero y sexualidad: pol\u00edticas biol\u00f3gicas y diversidad social\u201d. Por su parte, Mario Pecheny, de la Universidad de Buenos Aires, impartir\u00e1 la conferencia plenaria \u201cC\u00f3mo se piensa en Am\u00e9rica Latina las relaciones entre sexualidad y pol\u00edtica: tres d\u00e9cadas de conversaciones sobre luchas, derechos y teor\u00edas\u201d, mientras que la conferencia de clausura de este congreso correr\u00e1 a cargo de Jos\u00e9 Mar\u00eda Valcuende, profesor de la Universidad Pablo de Olavide de Sevilla y coordinador del Comit\u00e9 Organizador del congreso, quien hablar\u00e1 sobre \u201cLa amenaza LGBTI: pol\u00edtica, acci\u00f3n y discursos\u201d.<\/p>\n<p>Durante tres d\u00edas, tendr\u00e1n lugar comunicaciones de resultados de investigaci\u00f3n y mesas redondas divididas en los ejes tem\u00e1ticos \u201cMemoria hist\u00f3rica y represi\u00f3n de la sexualidad\u201d, \u201cDerechos Humanos y Derechos sexuales: normativas sociales y jur\u00eddicas\u201d, \u201cMovimientos sociales, discursos pol\u00edticos y sexualidad\u201d, \u201cSexualidad y control social: ciencia, religi\u00f3n y sistemas de creencias\u201d, y \u201cSexualidades, culturas, cotidianidades y resistencias\u201d.<\/p>\n<p><strong>El II Congreso Internacional sobre Estudios de Diversidad Sexual en Iberoam\u00e9rica es una actividad que se enmarca dentro del Laboratorio iberoamericano para el estudio sociohist\u00f3rico de las sexualidades (<a href=\"http:\/\/www.upo.es\/lies\/congreso\/proyecto.html\">LIESS<\/a>)<\/strong>. Un proyecto I+D, financiado por el Ministerio de Econom\u00eda y Competitividad, que trabaja en la recopilaci\u00f3n de informaci\u00f3n a trav\u00e9s de una base de datos, y en la difusi\u00f3n de los estudios sobre sexualidad a trav\u00e9s de la web, que servir\u00e1 de base para el intercambio de conocimientos te\u00f3rico-metodol\u00f3gicos y para la divulgaci\u00f3n de las investigaciones y publicaciones de los integrantes de la red.<\/p>\n","protected":false},"excerpt":{"rendered":"<p>Ma\u00f1ana mi\u00e9rcoles 26 de noviembre dar\u00e1 comienzo en la ciudad ecuatoriana de Cuenca el II Congreso Internacional sobre Estudios de Diversidad Sexual en Iberoam\u00e9rica organizado por la Universidad Pablo de Olavide, la Universidad de Cuenca (Ecuador) y la Universidad Sim\u00f3n Bol\u00edvar (Quito).<\/p>\n","protected":false},"author":9,"featured_media":0,"comment_status":"closed","ping_status":"open","sticky":false,"template":"","format":"standard","meta":{"_monsterinsights_skip_tracking":false,"_monsterinsights_sitenote_active":false,"_monsterinsights_sitenote_note":"","_monsterinsights_sitenote_category":0,"footnotes":""},"categories":[6],"tags":[354,2049,891,2050],"class_list":["post-6933831","post","type-post","status-publish","format-standard","hentry","category-institucional","tag-congreso","tag-diversidad-sexual","tag-ecuador","tag-univeridad-pablo-de-olavide"],"_links":{"self":[{"href":"https:\/\/www.upo.es\/diario\/wp-json\/wp\/v2\/posts\/6933831","targetHints":{"allow":["GET"]}}],"collection":[{"href":"https:\/\/www.upo.es\/diario\/wp-json\/wp\/v2\/posts"}],"about":[{"href":"https:\/\/www.upo.es\/diario\/wp-json\/wp\/v2\/types\/post"}],"author":[{"embeddable":true,"href":"https:\/\/www.upo.es\/diario\/wp-json\/wp\/v2\/users\/9"}],"replies":[{"embeddable":true,"href":"https:\/\/www.upo.es\/diario\/wp-json\/wp\/v2\/comments?post=6933831"}],"version-history":[{"count":8,"href":"https:\/\/www.upo.es\/diario\/wp-json\/wp\/v2\/posts\/6933831\/revisions"}],"predecessor-version":[{"id":6953524,"href":"https:\/\/www.upo.es\/diario\/wp-json\/wp\/v2\/posts\/6933831\/revisions\/6953524"}],"wp:attachment":[{"href":"https:\/\/www.upo.es\/diario\/wp-json\/wp\/v2\/media?parent=6933831"}],"wp:term":[{"taxonomy":"category","embeddable":true,"href":"https:\/\/www.upo.es\/diario\/wp-json\/wp\/v2\/categories?post=6933831"},{"taxonomy":"post_tag","embeddable":true,"href":"https:\/\/www.upo.es\/diario\/wp-json\/wp\/v2\/tags?post=6933831"}],"curies":[{"name":"wp","href":"https:\/\/api.w.org\/{rel}","templated":true}]}}