{"id":6951259,"date":"2014-11-27T01:47:34","date_gmt":"2014-11-27T01:47:34","guid":{"rendered":"https:\/\/www.upo.es\/diario\/?p=6951259"},"modified":"2014-11-27T08:07:22","modified_gmt":"2014-11-27T08:07:22","slug":"manana-mesa-redonda-el-flamenco-en-la-ensenanza","status":"publish","type":"post","link":"https:\/\/www.upo.es\/diario\/cultura\/2014\/11\/manana-mesa-redonda-el-flamenco-en-la-ensenanza\/","title":{"rendered":"Hoy, mesa redonda \u201cEl flamenco en la ense\u00f1anza\u201d"},"content":{"rendered":"<p>Hoy jueves,<strong> a las 18.45 horas en el Espacio Cultural Antigua Guarder\u00eda<\/strong> de la Universidad Pablo de Olavide, tendr\u00e1 lugar la mesa redonda \u201cEl flamenco en la ense\u00f1anza\u201d,<strong> organizada por la pe\u00f1a \u201cSentir Flamenco\u201d de la UPO<\/strong>, en colaboraci\u00f3n con la Unidad de Promoci\u00f3n Social y Cultural del Vicerrectorado de Estudiantes, Cultura y\u00a0 Compromiso Social de esta universidad.<\/p>\n<p>En la mesa redonda participar\u00e1n Miguel L\u00f3pez Castro, maestro, doctor en Pedagog\u00eda y experto en Did\u00e1ctica del Flamenco; Manuel Mart\u00edn Gonz\u00e1lez, jefe del Servicio de Planes y Programas Educativos de la Consejer\u00eda de Educaci\u00f3n; Mar\u00eda \u00c1ngeles S\u00e1nchez Carrasco, maestra de m\u00fasica y asesora t\u00e9cnica de flamenco en el programa Abecedaria-Enr\u00e9date, y Juan Manuel Su\u00e1rez Jap\u00f3n, catedr\u00e1tico de Geograf\u00eda Humana y experto en flamenco. La mesa estar\u00e1 moderada por \u00c1ngela Valc\u00e1rcel, alumna de Educaci\u00f3n Social y Trabajo Social de la UPO.<\/p>\n<p><strong>La entrada libre y gratuita hasta completar aforo.<\/strong><\/p>\n<p>&nbsp;<\/p>\n<p>&nbsp;<\/p>\n","protected":false},"excerpt":{"rendered":"<p>Hoy jueves, a las 18.45 horas en el Espacio Cultural Antigua Guarder\u00eda de la Universidad Pablo de Olavide, tendr\u00e1 lugar la mesa redonda \u201cEl flamenco en la ense\u00f1anza\u201d, organizada por la pe\u00f1a \u201cSentir Flamenco\u201d de la UPO, en colaboraci\u00f3n con la Unidad de Promoci\u00f3n Social y Cultural del Vicerrectorado de Estudiantes, Cultura y  Compromiso Social.<\/p>\n","protected":false},"author":8,"featured_media":0,"comment_status":"closed","ping_status":"open","sticky":false,"template":"","format":"standard","meta":{"_monsterinsights_skip_tracking":false,"_monsterinsights_sitenote_active":false,"_monsterinsights_sitenote_note":"","_monsterinsights_sitenote_category":0,"footnotes":""},"categories":[7],"tags":[1960,695,93,221,1142],"class_list":["post-6951259","post","type-post","status-publish","format-standard","hentry","category-cultura","tag-ecag","tag-ensenanza","tag-flamenco","tag-mesa-redonda","tag-pena-sentir-flamenco"],"_links":{"self":[{"href":"https:\/\/www.upo.es\/diario\/wp-json\/wp\/v2\/posts\/6951259","targetHints":{"allow":["GET"]}}],"collection":[{"href":"https:\/\/www.upo.es\/diario\/wp-json\/wp\/v2\/posts"}],"about":[{"href":"https:\/\/www.upo.es\/diario\/wp-json\/wp\/v2\/types\/post"}],"author":[{"embeddable":true,"href":"https:\/\/www.upo.es\/diario\/wp-json\/wp\/v2\/users\/8"}],"replies":[{"embeddable":true,"href":"https:\/\/www.upo.es\/diario\/wp-json\/wp\/v2\/comments?post=6951259"}],"version-history":[{"count":8,"href":"https:\/\/www.upo.es\/diario\/wp-json\/wp\/v2\/posts\/6951259\/revisions"}],"predecessor-version":[{"id":6966938,"href":"https:\/\/www.upo.es\/diario\/wp-json\/wp\/v2\/posts\/6951259\/revisions\/6966938"}],"wp:attachment":[{"href":"https:\/\/www.upo.es\/diario\/wp-json\/wp\/v2\/media?parent=6951259"}],"wp:term":[{"taxonomy":"category","embeddable":true,"href":"https:\/\/www.upo.es\/diario\/wp-json\/wp\/v2\/categories?post=6951259"},{"taxonomy":"post_tag","embeddable":true,"href":"https:\/\/www.upo.es\/diario\/wp-json\/wp\/v2\/tags?post=6951259"}],"curies":[{"name":"wp","href":"https:\/\/api.w.org\/{rel}","templated":true}]}}