{"id":6952011,"date":"2014-11-27T02:50:10","date_gmt":"2014-11-27T02:50:10","guid":{"rendered":"https:\/\/www.upo.es\/diario\/?p=6952011"},"modified":"2014-11-27T11:57:29","modified_gmt":"2014-11-27T11:57:29","slug":"la-upo-celebra-manana-una-jornada-sobre-salidas-profesionales-de-la-facultad-de-derecho","status":"publish","type":"post","link":"https:\/\/www.upo.es\/diario\/institucional\/2014\/11\/la-upo-celebra-manana-una-jornada-sobre-salidas-profesionales-de-la-facultad-de-derecho\/","title":{"rendered":"La UPO celebra una Jornada sobre Salidas Profesionales de la Facultad de Derecho"},"content":{"rendered":"<figure id=\"attachment_696994\" aria-describedby=\"caption-attachment-696994\" style=\"width: 320px\" class=\"wp-caption alignright\"><a href=\"https:\/\/www.upo.es\/diario\/wp-content\/uploads\/2014\/11\/Conferencia_derecho.jpg\"><img loading=\"lazy\" decoding=\"async\" class=\"size-medium wp-image-6969945    \" alt=\"Conferencia_derecho\" src=\"https:\/\/www.upo.es\/diario\/wp-content\/uploads\/2014\/11\/Conferencia_derecho-320x213.jpg\" width=\"320\" height=\"213\" srcset=\"https:\/\/www.upo.es\/diario\/wp-content\/uploads\/2014\/11\/Conferencia_derecho-320x213.jpg 320w, https:\/\/www.upo.es\/diario\/wp-content\/uploads\/2014\/11\/Conferencia_derecho-600x400.jpg 600w\" sizes=\"auto, (max-width: 320px) 100vw, 320px\" \/><\/a><figcaption id=\"caption-attachment-696994\" class=\"wp-caption-text\">De izquierda a derecha, Jos\u00e9 Manuel Servera, Rafael Hidalgo Romero, Andr\u00e9s Rodr\u00edguez Benot, Gustavo D\u00edaz Matey y V\u00edctor L\u00f3pez P\u00e9rez<\/figcaption><\/figure>\n<p><strong>En la sala de grados del edificio 7<\/strong> de la Universidad Pablo de Olavide, se celebra una Jornada sobre Salidas Profesionales de la Facultad de Derecho.<\/p>\n<p>La jornada cuenta con la intervenci\u00f3n de Rafael Hidalgo Romero, presidente del Colegio Oficial de Graduados Sociales de Sevilla, Gustavo D\u00edaz Matey, polit\u00f3logo y gestor de inteligencia de negocio en el Instituto Espa\u00f1ol de Comercio Exterior (ICEX), Jos\u00e9 Manuel Servera Rodr\u00edguez, director del grupo &#8216;Criminolog\u00eda y Justicia&#8217;, autor del libro Emprender en Criminolog\u00eda y tutor en el grado en Criminolog\u00eda de la UOC, y V\u00edctor L\u00f3pez P\u00e9rez, socio director de LBO Abogados. Posteriormente se abrir\u00e1 un coloquio con los asistentes.<\/p>\n<p>Esta actividad est\u00e1 <strong>dirigida a alumnos de grado y postgrado de la Facultad de Derecho de la Universidad Pablo de Olavide<\/strong> y personas interesadas. La entrada es libre hasta completar aforo.<\/p>\n","protected":false},"excerpt":{"rendered":"<p>En la sala de grados del edificio 7 de la Universidad Pablo de Olavide, se celebra una Jornada sobre Salidas Profesionales de la Facultad de Derecho.<\/p>\n","protected":false},"author":8,"featured_media":0,"comment_status":"closed","ping_status":"open","sticky":false,"template":"","format":"standard","meta":{"_monsterinsights_skip_tracking":false,"_monsterinsights_sitenote_active":false,"_monsterinsights_sitenote_note":"","_monsterinsights_sitenote_category":0,"footnotes":""},"categories":[6],"tags":[438,21,81,514,205,391],"class_list":["post-6952011","post","type-post","status-publish","format-standard","hentry","category-institucional","tag-empleo","tag-estudiantes","tag-facultad-de-derecho","tag-jornada","tag-orientacion-profesional","tag-salidas-profesionales"],"_links":{"self":[{"href":"https:\/\/www.upo.es\/diario\/wp-json\/wp\/v2\/posts\/6952011","targetHints":{"allow":["GET"]}}],"collection":[{"href":"https:\/\/www.upo.es\/diario\/wp-json\/wp\/v2\/posts"}],"about":[{"href":"https:\/\/www.upo.es\/diario\/wp-json\/wp\/v2\/types\/post"}],"author":[{"embeddable":true,"href":"https:\/\/www.upo.es\/diario\/wp-json\/wp\/v2\/users\/8"}],"replies":[{"embeddable":true,"href":"https:\/\/www.upo.es\/diario\/wp-json\/wp\/v2\/comments?post=6952011"}],"version-history":[{"count":4,"href":"https:\/\/www.upo.es\/diario\/wp-json\/wp\/v2\/posts\/6952011\/revisions"}],"predecessor-version":[{"id":6952013,"href":"https:\/\/www.upo.es\/diario\/wp-json\/wp\/v2\/posts\/6952011\/revisions\/6952013"}],"wp:attachment":[{"href":"https:\/\/www.upo.es\/diario\/wp-json\/wp\/v2\/media?parent=6952011"}],"wp:term":[{"taxonomy":"category","embeddable":true,"href":"https:\/\/www.upo.es\/diario\/wp-json\/wp\/v2\/categories?post=6952011"},{"taxonomy":"post_tag","embeddable":true,"href":"https:\/\/www.upo.es\/diario\/wp-json\/wp\/v2\/tags?post=6952011"}],"curies":[{"name":"wp","href":"https:\/\/api.w.org\/{rel}","templated":true}]}}