{"id":6966943,"date":"2014-11-27T01:55:01","date_gmt":"2014-11-27T01:55:01","guid":{"rendered":"https:\/\/www.upo.es\/diario\/?p=6966943"},"modified":"2014-11-27T08:32:08","modified_gmt":"2014-11-27T08:32:08","slug":"hoy-se-celebra-el-itinerario-de-autoempleo-del-cei-patrimonio-para-el-alumnado-de-la-upo","status":"publish","type":"post","link":"https:\/\/www.upo.es\/diario\/institucional\/2014\/11\/hoy-se-celebra-el-itinerario-de-autoempleo-del-cei-patrimonio-para-el-alumnado-de-la-upo\/","title":{"rendered":"Hoy se celebra el itinerario de autoempleo del CEI Patrimonio para el alumnado de la UPO"},"content":{"rendered":"<p>Hoy se celebra <strong>en el sal\u00f3n de grados de la Biblioteca<\/strong> de la Universidad Pablo de Olavide, la <b>jornada \u201cItinerario de autoempleo del CEI Patrimonio\u201d<\/b> dirigida a los alumnos de la UPO con el objetivo principal de impulsar el esp\u00edritu emprendedor y fomentar la creaci\u00f3n de empresas, as\u00ed como dar a conocer los recursos e instrumentos de Andaluc\u00eda Emprende y los proyectos empresariales.<\/p>\n<p>La Universidad Pablo de Olavide forma parte de Campus de Excelencia Internacional en Patrimonio (CEI Patrimonio). Dentro de este marco de CEI Patrimonio, la UPO ofrece a estudiantes y reci\u00e9n egresados de grado esta jornada en la que se tratar\u00e1 el proceso de emprendimiento.<\/p>\n<p>Asimismo, se visitar\u00e1 el\u00a0Centro de Apoyo al Desarrollo Empresarial CADE\u00a0y varias empresas como Apinazar, Ecociencia y Flor de la Pasi\u00f3n. La jornada, que terminar\u00e1 a las 14,30 horas, incluye el transporte de manera gratu\u00edta.<\/p>\n","protected":false},"excerpt":{"rendered":"<p>Hoy se celebra en el sal\u00f3n de grados de la Biblioteca de la Universidad Pablo de Olavide, la jornada \u201cItinerario de autoempleo del CEI Patrimonio\u201d dirigida a los alumnos de la UPO con el objetivo principal de impulsar el esp\u00edritu emprendedor y fomentar la creaci\u00f3n de empresas, as\u00ed como dar a conocer los recursos e instrumentos de Andaluc\u00eda Emprende y los proyectos empresariales.<\/p>\n","protected":false},"author":6,"featured_media":0,"comment_status":"closed","ping_status":"open","sticky":false,"template":"","format":"standard","meta":{"_monsterinsights_skip_tracking":false,"_monsterinsights_sitenote_active":false,"_monsterinsights_sitenote_note":"","_monsterinsights_sitenote_category":0,"footnotes":""},"categories":[6],"tags":[99,438,80,21,84,129],"class_list":["post-6966943","post","type-post","status-publish","format-standard","hentry","category-institucional","tag-creacion-de-empresas","tag-empleo","tag-emprendedores","tag-estudiantes","tag-jornadas","tag-patrimonio"],"_links":{"self":[{"href":"https:\/\/www.upo.es\/diario\/wp-json\/wp\/v2\/posts\/6966943","targetHints":{"allow":["GET"]}}],"collection":[{"href":"https:\/\/www.upo.es\/diario\/wp-json\/wp\/v2\/posts"}],"about":[{"href":"https:\/\/www.upo.es\/diario\/wp-json\/wp\/v2\/types\/post"}],"author":[{"embeddable":true,"href":"https:\/\/www.upo.es\/diario\/wp-json\/wp\/v2\/users\/6"}],"replies":[{"embeddable":true,"href":"https:\/\/www.upo.es\/diario\/wp-json\/wp\/v2\/comments?post=6966943"}],"version-history":[{"count":1,"href":"https:\/\/www.upo.es\/diario\/wp-json\/wp\/v2\/posts\/6966943\/revisions"}],"predecessor-version":[{"id":6966944,"href":"https:\/\/www.upo.es\/diario\/wp-json\/wp\/v2\/posts\/6966943\/revisions\/6966944"}],"wp:attachment":[{"href":"https:\/\/www.upo.es\/diario\/wp-json\/wp\/v2\/media?parent=6966943"}],"wp:term":[{"taxonomy":"category","embeddable":true,"href":"https:\/\/www.upo.es\/diario\/wp-json\/wp\/v2\/categories?post=6966943"},{"taxonomy":"post_tag","embeddable":true,"href":"https:\/\/www.upo.es\/diario\/wp-json\/wp\/v2\/tags?post=6966943"}],"curies":[{"name":"wp","href":"https:\/\/api.w.org\/{rel}","templated":true}]}}