{"id":6970707,"date":"2014-11-27T00:45:22","date_gmt":"2014-11-27T00:45:22","guid":{"rendered":"https:\/\/www.upo.es\/diario\/?p=6970707"},"modified":"2014-11-28T13:07:15","modified_gmt":"2014-11-28T13:07:15","slug":"3-000-estudiantes-de-educacion-secundaria-de-sevilla-y-provincia-pasaran-por-la-upo-durante-este-curso","status":"publish","type":"post","link":"https:\/\/www.upo.es\/diario\/institucional\/2014\/11\/3-000-estudiantes-de-educacion-secundaria-de-sevilla-y-provincia-pasaran-por-la-upo-durante-este-curso\/","title":{"rendered":"3.000 estudiantes de Educaci\u00f3n Secundaria de Sevilla y Provincia pasar\u00e1n por la UPO durante este curso"},"content":{"rendered":"<figure id=\"attachment_699849\" aria-describedby=\"caption-attachment-699849\" style=\"width: 600px\" class=\"wp-caption aligncenter\"><a href=\"https:\/\/www.upo.es\/diario\/wp-content\/uploads\/2013\/03\/jpuertasabiertas.jpg\"><img loading=\"lazy\" decoding=\"async\" class=\"size-large wp-image-699849\" alt=\"M\u00e1s de 2.000 alumnos de institutos y centros de educaci\u00f3n secundaria sevillanos visitar\u00e1n la UPO a lo largo de tres d\u00edas\" src=\"https:\/\/www.upo.es\/diario\/wp-content\/uploads\/2013\/03\/jpuertasabiertas-1024x682.jpg\" width=\"600\" height=\"399\" srcset=\"https:\/\/www.upo.es\/diario\/wp-content\/uploads\/2013\/03\/jpuertasabiertas-1024x682.jpg 1024w, https:\/\/www.upo.es\/diario\/wp-content\/uploads\/2013\/03\/jpuertasabiertas-320x213.jpg 320w, https:\/\/www.upo.es\/diario\/wp-content\/uploads\/2013\/03\/jpuertasabiertas-600x399.jpg 600w\" sizes=\"auto, (max-width: 600px) 100vw, 600px\" \/><\/a><figcaption id=\"caption-attachment-699849\" class=\"wp-caption-text\">M\u00e1s de 3.000 alumnos de institutos y centros de educaci\u00f3n secundaria sevillanos visitar\u00e1n la UPO a lo largo de este curso<\/figcaption><\/figure>\n<p>3.000 alumnos de 40 institutos y centros de educaci\u00f3n secundaria sevillanos, que pronto tendr\u00e1n que elegir carrera universitaria, visitar\u00e1n este curso el campus de la Universidad Pablo de Olavide entre los meses de noviembre de 2014 y abril de 2015 para conocer la oferta de estudios de esta Universidad, as\u00ed como sus instalaciones y las posibilidades que \u00e9stas brindan para su formaci\u00f3n.<\/p>\n<p>As\u00ed, ma\u00f1ana viernes <strong>28 de noviembre, a las 10.30 horas, m\u00e1s de 100 estudiantes de 2\u00ba de Bachillerato<\/strong> del Colegio Santo Tom\u00e1s de Aquino, de Sevilla y del Instituto Severo Ochoa, de San Juan de Aznalfarache, est\u00e1n citados en la Plaza de Am\u00e9rica de la Universidad Pablo de Olavide.<\/p>\n<p>Esta actividad, organizada por el \u00c1rea de Gesti\u00f3n Administrativa de Asistencia al Estudiante de Grado a trav\u00e9s de la Direcci\u00f3n General de Acceso, Difusi\u00f3n y Captaci\u00f3n, perteneciente al Vicerrectorado de Estudiantes, Cultura y\u00a0 Compromiso Social de la UPO, comenzar\u00e1 a las 10:45 horas con unas charlas impartidas por los decanos y vicedecanos de las Facultades y del director y subdirector de la Escuela Polit\u00e9cnica Superior, quienes informar\u00e1n a los estudiantes sobre los grados y dobles grados que pueden estudiarse en esta universidad. Para ello, los estudiantes se distribuir\u00e1n en dos grupos en funci\u00f3n de sus preferencias acad\u00e9micas.<\/p>\n<p>La jornada se organiza en torno a <strong>tres actividades que se celebran a lo largo de la ma\u00f1ana<\/strong>. Por un lado, los estudiantes asistir\u00e1n a las charlas impartidas por las Facultades y la Escuela Polit\u00e9cnica Superior para conocer la oferta acad\u00e9mica de la UPO. \u00a0Despu\u00e9s, los alumnos realizar\u00e1n un recorrido por el campus, acompa\u00f1ados por estudiantes de la propia universidad p\u00fablica sevillana, donde se les mostrar\u00e1n los distintos espacios de inter\u00e9s general como la biblioteca o las instalaciones deportivas. Por \u00faltimo, los estudiantes finalizar\u00e1n su visita con una charla sobre el acceso a la universidad impartida por el jefe de Orientaci\u00f3n y Acceso del \u00c1rea de Gesti\u00f3n Administrativa de Asistencia al Estudiante de Grado de la UPO, Miguel \u00c1ngel Morales.<\/p>\n","protected":false},"excerpt":{"rendered":"<p>3.000 alumnos de 40 institutos y centros de educaci\u00f3n secundaria sevillanos, que pronto tendr\u00e1n que elegir carrera universitaria, visitar\u00e1n este curso el campus de la Universidad Pablo de Olavide entre los meses de noviembre de 2014 y abril de 2015 para conocer la oferta de estudios de esta Universidad, as\u00ed como sus instalaciones y las posibilidades que \u00e9stas brindan para su formaci\u00f3n.       <\/p>\n","protected":false},"author":9,"featured_media":0,"comment_status":"closed","ping_status":"open","sticky":false,"template":"","format":"standard","meta":{"_monsterinsights_skip_tracking":false,"_monsterinsights_sitenote_active":false,"_monsterinsights_sitenote_note":"","_monsterinsights_sitenote_category":0,"footnotes":""},"categories":[6],"tags":[107,2051,491,297],"class_list":["post-6970707","post","type-post","status-publish","format-standard","hentry","category-institucional","tag-campus","tag-educacion-secundaria","tag-upo","tag-visita"],"_links":{"self":[{"href":"https:\/\/www.upo.es\/diario\/wp-json\/wp\/v2\/posts\/6970707","targetHints":{"allow":["GET"]}}],"collection":[{"href":"https:\/\/www.upo.es\/diario\/wp-json\/wp\/v2\/posts"}],"about":[{"href":"https:\/\/www.upo.es\/diario\/wp-json\/wp\/v2\/types\/post"}],"author":[{"embeddable":true,"href":"https:\/\/www.upo.es\/diario\/wp-json\/wp\/v2\/users\/9"}],"replies":[{"embeddable":true,"href":"https:\/\/www.upo.es\/diario\/wp-json\/wp\/v2\/comments?post=6970707"}],"version-history":[{"count":10,"href":"https:\/\/www.upo.es\/diario\/wp-json\/wp\/v2\/posts\/6970707\/revisions"}],"predecessor-version":[{"id":6984993,"href":"https:\/\/www.upo.es\/diario\/wp-json\/wp\/v2\/posts\/6970707\/revisions\/6984993"}],"wp:attachment":[{"href":"https:\/\/www.upo.es\/diario\/wp-json\/wp\/v2\/media?parent=6970707"}],"wp:term":[{"taxonomy":"category","embeddable":true,"href":"https:\/\/www.upo.es\/diario\/wp-json\/wp\/v2\/categories?post=6970707"},{"taxonomy":"post_tag","embeddable":true,"href":"https:\/\/www.upo.es\/diario\/wp-json\/wp\/v2\/tags?post=6970707"}],"curies":[{"name":"wp","href":"https:\/\/api.w.org\/{rel}","templated":true}]}}