{"id":6971463,"date":"2014-12-01T01:45:28","date_gmt":"2014-12-01T01:45:28","guid":{"rendered":"https:\/\/www.upo.es\/diario\/?p=6971463"},"modified":"2014-12-01T08:13:10","modified_gmt":"2014-12-01T08:13:10","slug":"la-facultad-del-deporte-de-la-upo-celebra-hoy-su-decimo-aniversario","status":"publish","type":"post","link":"https:\/\/www.upo.es\/diario\/institucional\/2014\/12\/la-facultad-del-deporte-de-la-upo-celebra-hoy-su-decimo-aniversario\/","title":{"rendered":"La Facultad del Deporte de la UPO celebra su d\u00e9cimo aniversario"},"content":{"rendered":"<figure id=\"attachment_7038266\" aria-describedby=\"caption-attachment-7038266\" style=\"width: 320px\" class=\"wp-caption alignright\"><a href=\"https:\/\/www.upo.es\/diario\/wp-content\/uploads\/2014\/11\/UPO141.jpg\"><img loading=\"lazy\" decoding=\"async\" class=\"size-medium wp-image-7038266 \" alt=\"El equipo decanal y docente de la Facultad estuvo presente en el acto conmemorativo\" src=\"https:\/\/www.upo.es\/diario\/wp-content\/uploads\/2014\/11\/UPO141-320x213.jpg\" width=\"320\" height=\"213\" srcset=\"https:\/\/www.upo.es\/diario\/wp-content\/uploads\/2014\/11\/UPO141-320x213.jpg 320w, https:\/\/www.upo.es\/diario\/wp-content\/uploads\/2014\/11\/UPO141-600x400.jpg 600w\" sizes=\"auto, (max-width: 320px) 100vw, 320px\" \/><\/a><figcaption id=\"caption-attachment-7038266\" class=\"wp-caption-text\">El equipo decanal y docente de la Facultad estuvo presente en el acto conmemorativo<\/figcaption><\/figure>\n<p>La <strong>Facultad del Deporte de la Universidad Pablo de Olavide<\/strong> celebr\u00f3 el pasado viernes 28 de noviembre, en\u00a0el Paraninfo, \u00a0el <strong>X Aniversario <\/strong>de su creaci\u00f3n (2004-2014), en un acto presidido por el decano Antonio Fern\u00e1ndez Mart\u00ednez, al que asistieron alumnos y antiguos alumnos de este centro universitario de la Olavide, as\u00ed como los miembros de la plantilla docente.<\/p>\n<p>El BOJA de 27 de febrero de 2004 public\u00f3 el Decreto 78\/2004 de 24 de febrero, por el que se autorizaba tanto la creaci\u00f3n de la Facultad de Ciencias del Deporte en la Universidad Pablo de Olavide como la implantaci\u00f3n de las ense\u00f1anzas conducentes a la obtenci\u00f3n del t\u00edtulo de Licenciado\/a en <strong>Ciencias de la Actividad F\u00edsica y del Deporte<\/strong>, cuya gesti\u00f3n y organizaci\u00f3n administrativa corresponder\u00eda a dicha Facultad.<\/p>\n<figure id=\"attachment_7038265\" aria-describedby=\"caption-attachment-7038265\" style=\"width: 213px\" class=\"wp-caption alignright\"><a href=\"https:\/\/www.upo.es\/diario\/wp-content\/uploads\/2014\/11\/UPO139.jpg\"><img loading=\"lazy\" decoding=\"async\" class=\"size-medium wp-image-7038265\" alt=\"Exhibici\u00f3n de gimnastas en el Paraninfo durante la celebraci\u00f3n del X aniversario de la Facultad\" src=\"https:\/\/www.upo.es\/diario\/wp-content\/uploads\/2014\/11\/UPO139-213x320.jpg\" width=\"213\" height=\"320\" srcset=\"https:\/\/www.upo.es\/diario\/wp-content\/uploads\/2014\/11\/UPO139-213x320.jpg 213w, https:\/\/www.upo.es\/diario\/wp-content\/uploads\/2014\/11\/UPO139-400x600.jpg 400w, https:\/\/www.upo.es\/diario\/wp-content\/uploads\/2014\/11\/UPO139-600x899.jpg 600w\" sizes=\"auto, (max-width: 213px) 100vw, 213px\" \/><\/a><figcaption id=\"caption-attachment-7038265\" class=\"wp-caption-text\">Exhibici\u00f3n de gimnastas en el Paraninfo durante la celebraci\u00f3n del X aniversario de la Facultad<\/figcaption><\/figure>\n<p>Pionera en impartir estos estudios en Andaluc\u00eda occidental,\u00a0 ha desarrollado a lo largo de estos a\u00f1os dos planes de estudios y <strong>han pasado por sus aulas m\u00e1s de mil estudiantes<\/strong>, licenciados y licenciadas, graduados y graduadas en Ciencias de la Actividad F\u00edsica y del Deporte.<\/p>\n<p>A lo largo de esta d\u00e9cada la Facultad del Deporte ha ido consolid\u00e1ndose gracias al esfuerzo de un gran equipo de personas que desde el principio creyeron en este gran proyecto. Actualmente existe una gran demanda de estudiantes que quieren iniciar sus estudios en este centro; se est\u00e1n implementando dos nuevos laboratorios docentes y de investigaci\u00f3n a los cinco ya existentes; se cuenta con nuevas instalaciones deportivas y pr\u00f3ximamente se inaugurar\u00e1 el Centro de Investigaci\u00f3n en Rendimiento F\u00edsico y Deportivo.<\/p>\n<p>&nbsp;<\/p>\n<p align=\"center\"><strong>\u00a0<\/strong><\/p>\n","protected":false},"excerpt":{"rendered":"<p>Hoy viernes, a las 18 horas en el Paraninfo de la Universidad Pablo de Olavide, se celebrar\u00e1 el X Aniversario de la creaci\u00f3n de la Facultad del Deporte (2004-2014), en un acto que estar\u00e1 presidido por el decano Antonio Fern\u00e1ndez Mart\u00ednez, al que asistir\u00e1n alumnos y antiguos alumnos de este centro universitario de la Olavide, as\u00ed como los miembros de la plantilla docente.<\/p>\n","protected":false},"author":6,"featured_media":0,"comment_status":"closed","ping_status":"open","sticky":false,"template":"","format":"standard","meta":{"_monsterinsights_skip_tracking":false,"_monsterinsights_sitenote_active":false,"_monsterinsights_sitenote_note":"","_monsterinsights_sitenote_category":0,"footnotes":""},"categories":[6],"tags":[568,541,21,379],"class_list":["post-6971463","post","type-post","status-publish","format-standard","hentry","category-institucional","tag-aniversario","tag-deporte","tag-estudiantes","tag-facultad-del-deporte"],"_links":{"self":[{"href":"https:\/\/www.upo.es\/diario\/wp-json\/wp\/v2\/posts\/6971463","targetHints":{"allow":["GET"]}}],"collection":[{"href":"https:\/\/www.upo.es\/diario\/wp-json\/wp\/v2\/posts"}],"about":[{"href":"https:\/\/www.upo.es\/diario\/wp-json\/wp\/v2\/types\/post"}],"author":[{"embeddable":true,"href":"https:\/\/www.upo.es\/diario\/wp-json\/wp\/v2\/users\/6"}],"replies":[{"embeddable":true,"href":"https:\/\/www.upo.es\/diario\/wp-json\/wp\/v2\/comments?post=6971463"}],"version-history":[{"count":7,"href":"https:\/\/www.upo.es\/diario\/wp-json\/wp\/v2\/posts\/6971463\/revisions"}],"predecessor-version":[{"id":7038269,"href":"https:\/\/www.upo.es\/diario\/wp-json\/wp\/v2\/posts\/6971463\/revisions\/7038269"}],"wp:attachment":[{"href":"https:\/\/www.upo.es\/diario\/wp-json\/wp\/v2\/media?parent=6971463"}],"wp:term":[{"taxonomy":"category","embeddable":true,"href":"https:\/\/www.upo.es\/diario\/wp-json\/wp\/v2\/categories?post=6971463"},{"taxonomy":"post_tag","embeddable":true,"href":"https:\/\/www.upo.es\/diario\/wp-json\/wp\/v2\/tags?post=6971463"}],"curies":[{"name":"wp","href":"https:\/\/api.w.org\/{rel}","templated":true}]}}