{"id":6981222,"date":"2014-11-28T08:53:04","date_gmt":"2014-11-28T08:53:04","guid":{"rendered":"https:\/\/www.upo.es\/diario\/?p=6981222"},"modified":"2014-12-01T07:38:48","modified_gmt":"2014-12-01T07:38:48","slug":"el-programa-de-la-residencia-flora-tristan-venimos-del-sur-nominado-para-los-premios-de-ema-rtv","status":"publish","type":"post","link":"https:\/\/www.upo.es\/diario\/institucional\/2014\/11\/el-programa-de-la-residencia-flora-tristan-venimos-del-sur-nominado-para-los-premios-de-ema-rtv\/","title":{"rendered":"El programa de la residencia Flora Trist\u00e1n \u201cVenimos del Sur\u201d, nominado para los premios de EMA-RTV"},"content":{"rendered":"<figure id=\"attachment_6981223\" aria-describedby=\"caption-attachment-6981223\" style=\"width: 600px\" class=\"wp-caption aligncenter\"><a href=\"https:\/\/www.upo.es\/diario\/wp-content\/uploads\/2014\/11\/radio_flora.jpg\"><img loading=\"lazy\" decoding=\"async\" class=\"size-large wp-image-6981223\" alt=\"Este programa se realiza a trav\u00e9s de los becarios de colaboraci\u00f3n de la residencia, y se emite desde hace m\u00e1s de un a\u00f1o en Radio Abierta Sevilla (99.1 FM) y en Radi\u00f3polis (88.0 FM)\" src=\"https:\/\/www.upo.es\/diario\/wp-content\/uploads\/2014\/11\/radio_flora-600x450.jpg\" width=\"600\" height=\"450\" srcset=\"https:\/\/www.upo.es\/diario\/wp-content\/uploads\/2014\/11\/radio_flora-600x450.jpg 600w, https:\/\/www.upo.es\/diario\/wp-content\/uploads\/2014\/11\/radio_flora-320x240.jpg 320w\" sizes=\"auto, (max-width: 600px) 100vw, 600px\" \/><\/a><figcaption id=\"caption-attachment-6981223\" class=\"wp-caption-text\">Este programa se realiza a trav\u00e9s de los becarios de colaboraci\u00f3n de la residencia, y se emite desde hace m\u00e1s de un a\u00f1o en Radio Abierta Sevilla (99.1 FM) y en Radi\u00f3polis (88.0 FM)<\/figcaption><\/figure>\n<p>El programa de radio <strong>\u201cVenimos del Sur\u201d de la residencia universitaria Flora Trist\u00e1n en Radio Abierta Sevilla<\/strong>, la radio escolar para el Pol\u00edgono Sur del colegio de Infantil y Primaria \u201cAndaluc\u00eda\u201d, ha sido <strong>nominado como finalista y por tanto candidato en la modalidad \u201cMejor programa de sensibilizaci\u00f3n y fomento de la multiculturalidad\u201d<\/strong> que otorga la Asociaci\u00f3n de Emisoras Municipales y Ciudadanas de Andaluc\u00eda de Radio y Televisi\u00f3n (EMA-RTV) en su 30\u00ba aniversario.<\/p>\n<p>El reconocimiento de finalista en esta modalidad se otorga a los programas que han contribuido a la integraci\u00f3n a trav\u00e9s de la radio, y han fomentado la no discriminaci\u00f3n dirigida a optimizar la convivencia intercultural, la diversidad y la superaci\u00f3n de los prejuicios entre la ciudadan\u00eda andaluza.<\/p>\n<p><strong>Este programa se realiza a trav\u00e9s de los becarios de colaboraci\u00f3n de la residencia<\/strong>, y se emite desde hace m\u00e1s de un a\u00f1o en Radio Abierta Sevilla (99.1 FM) y en Radi\u00f3polis (88.0 FM), la radio comunitaria de Sevilla. Durante el curso pasado se grabaron 42 programas con una duraci\u00f3n de 30 minutos a la semana, presentado por Iliana L\u00f3pez, una estudiante de postgrado de Honduras, que trabajaba en el grupo de dinamizaci\u00f3n de entidades de la Flora Trist\u00e1n. A \u201cVenimos del Sur\u201d han asistido multitud de colectivos de Pol\u00edgono Sur a contar sus experiencias y ha servido como punto de encuentro y conexi\u00f3n de distintas realidades, tanto de la residencia como de Pol\u00edgono Sur y el resto de Sevilla. Se ha contado tambi\u00e9n con programas especiales, como \u201cLas campanadas\u201d o el \u201cX Aniversario de la Residencia Flora Trist\u00e1n\u201d, al que asistieron los primeros residentes y el propio rector, Vicente Guzm\u00e1n, y la vicerrectora de Estudiantes, Cultura y Compromiso Social de la Universidad Pablo de Olavide, Elodia Hern\u00e1ndez Le\u00f3n.<\/p>\n<p><strong>La gala donde se entregar\u00e1n los premios en directo ser\u00e1 hoy viernes 28 de noviembre a partir de las 20 horas en el teatro de la Victoria en Nerva (Huelva)<\/strong>. En la entrega de los premios ser\u00e1n escuchados y visionados parte de los programas finalistas y\/o premiados. La entrada musical de \u201cVenimos del Sur\u201d la compuso en su momento el Desv\u00e1n del Duende para FEDER (Federaci\u00f3n Espa\u00f1ola de Enfermedades Raras), la cual cedi\u00f3 el derecho al uso de su canci\u00f3n \u201cSi se quiere, se puede\u201d.<\/p>\n<p>&nbsp;<\/p>\n","protected":false},"excerpt":{"rendered":"<p>El programa de radio \u201cVenimos del Sur\u201d de la residencia universitaria Flora Trist\u00e1n en Radio Abierta Sevilla, la radio escolar para el Pol\u00edgono Sur del colegio de Infantil y Primaria \u201cAndaluc\u00eda\u201d, ha sido nominado como finalista y por tanto candidato en la modalidad \u201cMejor programa de sensibilizaci\u00f3n y fomento de la multiculturalidad\u201d que otorga la Asociaci\u00f3n de Emisoras Municipales y Ciudadanas de Andaluc\u00eda de Radio y Televisi\u00f3n (EMA-RTV) en su 30\u00ba aniversario. <\/p>\n","protected":false},"author":6,"featured_media":0,"comment_status":"closed","ping_status":"open","sticky":false,"template":"","format":"standard","meta":{"_monsterinsights_skip_tracking":false,"_monsterinsights_sitenote_active":false,"_monsterinsights_sitenote_note":"","_monsterinsights_sitenote_category":0,"footnotes":""},"categories":[6],"tags":[190,350,288,984,2052,357,1030,55,86],"class_list":["post-6981222","post","type-post","status-publish","format-standard","hentry","category-institucional","tag-andalucia","tag-comunicacion","tag-interculturalidad","tag-medios-de-comunicacion","tag-municipios","tag-poligono-sur","tag-premios","tag-ru-flora-tristan","tag-voluntariado"],"_links":{"self":[{"href":"https:\/\/www.upo.es\/diario\/wp-json\/wp\/v2\/posts\/6981222","targetHints":{"allow":["GET"]}}],"collection":[{"href":"https:\/\/www.upo.es\/diario\/wp-json\/wp\/v2\/posts"}],"about":[{"href":"https:\/\/www.upo.es\/diario\/wp-json\/wp\/v2\/types\/post"}],"author":[{"embeddable":true,"href":"https:\/\/www.upo.es\/diario\/wp-json\/wp\/v2\/users\/6"}],"replies":[{"embeddable":true,"href":"https:\/\/www.upo.es\/diario\/wp-json\/wp\/v2\/comments?post=6981222"}],"version-history":[{"count":2,"href":"https:\/\/www.upo.es\/diario\/wp-json\/wp\/v2\/posts\/6981222\/revisions"}],"predecessor-version":[{"id":7035967,"href":"https:\/\/www.upo.es\/diario\/wp-json\/wp\/v2\/posts\/6981222\/revisions\/7035967"}],"wp:attachment":[{"href":"https:\/\/www.upo.es\/diario\/wp-json\/wp\/v2\/media?parent=6981222"}],"wp:term":[{"taxonomy":"category","embeddable":true,"href":"https:\/\/www.upo.es\/diario\/wp-json\/wp\/v2\/categories?post=6981222"},{"taxonomy":"post_tag","embeddable":true,"href":"https:\/\/www.upo.es\/diario\/wp-json\/wp\/v2\/tags?post=6981222"}],"curies":[{"name":"wp","href":"https:\/\/api.w.org\/{rel}","templated":true}]}}