{"id":6984977,"date":"2014-11-28T12:56:44","date_gmt":"2014-11-28T12:56:44","guid":{"rendered":"https:\/\/www.upo.es\/diario\/?p=6984977"},"modified":"2014-12-01T07:40:44","modified_gmt":"2014-12-01T07:40:44","slug":"la-visita-de-alumnos-de-los-centros-santo-tomas-de-aquino-y-severo-ochoa-abre-las-jornadas-de-puertas-abiertas-de-la-upo","status":"publish","type":"post","link":"https:\/\/www.upo.es\/diario\/institucional\/2014\/11\/la-visita-de-alumnos-de-los-centros-santo-tomas-de-aquino-y-severo-ochoa-abre-las-jornadas-de-puertas-abiertas-de-la-upo\/","title":{"rendered":"La visita de alumnos de los centros Santo Tom\u00e1s de Aquino y Severo Ochoa abre las jornadas de puertas abiertas de la UPO"},"content":{"rendered":"<figure id=\"attachment_6984978\" aria-describedby=\"caption-attachment-6984978\" style=\"width: 320px\" class=\"wp-caption alignright\"><a href=\"https:\/\/www.upo.es\/diario\/wp-content\/uploads\/2014\/11\/ColegStTomasAquino.jpg\"><img loading=\"lazy\" decoding=\"async\" class=\"size-medium wp-image-6984978\" alt=\"Alumnos del colegio Santo Tom\u00e1s de Aquino\" src=\"https:\/\/www.upo.es\/diario\/wp-content\/uploads\/2014\/11\/ColegStTomasAquino-320x213.jpg\" width=\"320\" height=\"213\" srcset=\"https:\/\/www.upo.es\/diario\/wp-content\/uploads\/2014\/11\/ColegStTomasAquino-320x213.jpg 320w, https:\/\/www.upo.es\/diario\/wp-content\/uploads\/2014\/11\/ColegStTomasAquino-600x400.jpg 600w\" sizes=\"auto, (max-width: 320px) 100vw, 320px\" \/><\/a><figcaption id=\"caption-attachment-6984978\" class=\"wp-caption-text\">Alumnos del colegio Santo Tom\u00e1s de Aquino<\/figcaption><\/figure>\n<p>M\u00e1s de 100 alumnos de 2\u00ba de Bachillerato del Colegio Santo Tom\u00e1s de Aquino, de Sevilla y del Instituto Severo Ochoa, de San Juan de Aznalfarache, han visitado hoy el campus de la Universidad Pablo de Olavide para conocer la oferta de estudios de esta Universidad, as\u00ed como sus instalaciones y las posibilidades que \u00e9stas brindan para su formaci\u00f3n. Esta visita se enmarca dentro del conjunto de jornadas de puertas abiertas organizadas por la Direcci\u00f3n General de Acceso, Difusi\u00f3n y Captaci\u00f3n del Vicerrectorado de Estudiantes, Cultura y\u00a0 Compromiso Social de la UPO, para este curso acad\u00e9mico 2014-2015. Entre los meses de noviembre de 2014 y abril de 2015\u00a0 est\u00e1 previsto que alrededor de 3.000 alumnos procedentes de 40 institutos y centros de educaci\u00f3n secundaria sevillanos, que pronto tendr\u00e1n que elegir carrera universitaria, visiten el campus de la UPO.<\/p>\n<figure id=\"attachment_6984981\" aria-describedby=\"caption-attachment-6984981\" style=\"width: 320px\" class=\"wp-caption alignleft\"><a href=\"https:\/\/www.upo.es\/diario\/wp-content\/uploads\/2014\/11\/Instituto_Severo_Ochoa.jpg\"><img loading=\"lazy\" decoding=\"async\" class=\"size-medium wp-image-6984981\" alt=\"Alumnos del instituto Severo Ochoa\" src=\"https:\/\/www.upo.es\/diario\/wp-content\/uploads\/2014\/11\/Instituto_Severo_Ochoa-320x188.jpg\" width=\"320\" height=\"188\" srcset=\"https:\/\/www.upo.es\/diario\/wp-content\/uploads\/2014\/11\/Instituto_Severo_Ochoa-320x188.jpg 320w, https:\/\/www.upo.es\/diario\/wp-content\/uploads\/2014\/11\/Instituto_Severo_Ochoa-600x353.jpg 600w\" sizes=\"auto, (max-width: 320px) 100vw, 320px\" \/><\/a><figcaption id=\"caption-attachment-6984981\" class=\"wp-caption-text\">Alumnos del instituto Severo Ochoa<\/figcaption><\/figure>\n<p>Los alumnos del Santo Tom\u00e1s de Aquino y del Severo Ochoa han sido recibidos por el jefe de Orientaci\u00f3n y Acceso del \u00c1rea de Gesti\u00f3n Administrativa de Asistencia al Estudiante de Grado de la UPO, Miguel \u00c1ngel Morales, quien les ha ofrecido una presentaci\u00f3n sobre el acceso a la universidad en la que los estudiantes han podido resolver sus dudas. Asimismo, los decanos y vicedecanos de las Facultades y del director y subdirector de la Escuela Polit\u00e9cnica Superior han ofrecido a los estudiantes una charla informativa sobre los grados y dobles grados que pueden estudiarse en la UPO.<\/p>\n<p>Durante la visita, los alumnos han realizado un recorrido por las instalaciones de la UPO, acompa\u00f1ados por estudiantes de la propia universidad p\u00fablica sevillana, donde han podido visitar los distintos espacios de inter\u00e9s general como la biblioteca o las instalaciones deportivas.<\/p>\n","protected":false},"excerpt":{"rendered":"<p>M\u00e1s de 100 alumnos de 2\u00ba de Bachillerato del Colegio Santo Tom\u00e1s de Aquino, de Sevilla y del Instituto Severo Ochoa, de San Juan de Aznalfarache, han visitado el campus de la Universidad Pablo de Olavide para conocer la oferta de estudios de esta Universidad, as\u00ed como sus instalaciones y las posibilidades que \u00e9stas brindan para su formaci\u00f3n.<\/p>\n","protected":false},"author":8,"featured_media":0,"comment_status":"closed","ping_status":"open","sticky":false,"template":"","format":"standard","meta":{"_monsterinsights_skip_tracking":false,"_monsterinsights_sitenote_active":false,"_monsterinsights_sitenote_note":"","_monsterinsights_sitenote_category":0,"footnotes":""},"categories":[6],"tags":[644,107,1275,297],"class_list":["post-6984977","post","type-post","status-publish","format-standard","hentry","category-institucional","tag-bachillerato","tag-campus","tag-jornadas-puertas-abiertas","tag-visita"],"_links":{"self":[{"href":"https:\/\/www.upo.es\/diario\/wp-json\/wp\/v2\/posts\/6984977","targetHints":{"allow":["GET"]}}],"collection":[{"href":"https:\/\/www.upo.es\/diario\/wp-json\/wp\/v2\/posts"}],"about":[{"href":"https:\/\/www.upo.es\/diario\/wp-json\/wp\/v2\/types\/post"}],"author":[{"embeddable":true,"href":"https:\/\/www.upo.es\/diario\/wp-json\/wp\/v2\/users\/8"}],"replies":[{"embeddable":true,"href":"https:\/\/www.upo.es\/diario\/wp-json\/wp\/v2\/comments?post=6984977"}],"version-history":[{"count":9,"href":"https:\/\/www.upo.es\/diario\/wp-json\/wp\/v2\/posts\/6984977\/revisions"}],"predecessor-version":[{"id":7035969,"href":"https:\/\/www.upo.es\/diario\/wp-json\/wp\/v2\/posts\/6984977\/revisions\/7035969"}],"wp:attachment":[{"href":"https:\/\/www.upo.es\/diario\/wp-json\/wp\/v2\/media?parent=6984977"}],"wp:term":[{"taxonomy":"category","embeddable":true,"href":"https:\/\/www.upo.es\/diario\/wp-json\/wp\/v2\/categories?post=6984977"},{"taxonomy":"post_tag","embeddable":true,"href":"https:\/\/www.upo.es\/diario\/wp-json\/wp\/v2\/tags?post=6984977"}],"curies":[{"name":"wp","href":"https:\/\/api.w.org\/{rel}","templated":true}]}}