{"id":6984985,"date":"2014-11-28T13:03:17","date_gmt":"2014-11-28T13:03:17","guid":{"rendered":"https:\/\/www.upo.es\/diario\/?p=6984985"},"modified":"2014-12-01T10:37:40","modified_gmt":"2014-12-01T10:37:40","slug":"este-lunes-se-celebra-el-taller-el-mercado-de-trabajo-en-andalucia-en-la-upo","status":"publish","type":"post","link":"https:\/\/www.upo.es\/diario\/institucional\/2014\/11\/este-lunes-se-celebra-el-taller-el-mercado-de-trabajo-en-andalucia-en-la-upo\/","title":{"rendered":"Hoy se celebra en la UPO el taller \u201cEl mercado de trabajo en Andaluc\u00eda\u201d"},"content":{"rendered":"<figure id=\"attachment_703977\" aria-describedby=\"caption-attachment-703977\" style=\"width: 600px\" class=\"wp-caption aligncenter\"><a href=\"https:\/\/www.upo.es\/diario\/wp-content\/uploads\/2014\/11\/Mercado-Trabajo-Andalucia.jpg\"><img loading=\"lazy\" decoding=\"async\" class=\"size-large wp-image-7039775\" alt=\"Mercado-Trabajo-Andalucia\" src=\"https:\/\/www.upo.es\/diario\/wp-content\/uploads\/2014\/11\/Mercado-Trabajo-Andalucia-600x400.jpg\" width=\"600\" height=\"400\" srcset=\"https:\/\/www.upo.es\/diario\/wp-content\/uploads\/2014\/11\/Mercado-Trabajo-Andalucia-600x400.jpg 600w, https:\/\/www.upo.es\/diario\/wp-content\/uploads\/2014\/11\/Mercado-Trabajo-Andalucia-320x213.jpg 320w\" sizes=\"auto, (max-width: 600px) 100vw, 600px\" \/><\/a><figcaption id=\"caption-attachment-703977\" class=\"wp-caption-text\">Jos\u00e9 A. Amate, director de Pol\u00edticas Activas de Empleo de la Junta, Javier Aroca, Centro de Estudios Andaluces, y Carlos Usabiaga han presentado el taller<\/figcaption><\/figure>\n<p style=\"text-align: left;\">Hoy lunes,<strong> hasta las 14.30 horas en la sala de grados del edificio 6<\/strong> de la Universidad Pablo de Olavide, se celebra el taller<strong> \u201cEl mercado de trabajo en Andaluc\u00eda: medidas hacia la recuperaci\u00f3n del empleo\u201d<\/strong>, organizado por el <strong>Centro de Estudios Andaluces<\/strong> y coordinado por el catedr\u00e1tico de Econom\u00eda de la Universidad Pablo de Olavide, Carlos Usabiaga Ib\u00e1\u00f1ez, responsable de los proyectos de investigaci\u00f3n \u201cEl emparejamiento en las oficinas p\u00fablicas de empleo andaluzas: un an\u00e1lisis de duraci\u00f3n por segmentos laborales\u201d y \u201cLa segregaci\u00f3n laboral de la mujer andaluza: indicadores, consecuencias y medidas hacia la igualdad de g\u00e9nero\u201d, financiados por la Fundaci\u00f3n en sendas convocatorias de ayudas a Proyectos de Investigaci\u00f3n 2010 y 2012.<\/p>\n<p>En este contexto, los profesores Raquel Llorente Heras, de la Universidad Aut\u00f3noma de Madrid e Instituto de An\u00e1lisis Econ\u00f3mico y Social, y Fernando N\u00fa\u00f1ez Hern\u00e1ndez, de la Universidad de Sevilla, expondr\u00e1n los resultados principales de ambos proyectos de investigaci\u00f3n.<\/p>\n<p>El encuentro tambi\u00e9n dar\u00e1 cabida a otras intervenciones de expertos en Econom\u00eda Laboral que ofrecer\u00e1n una perspectiva m\u00e1s amplia del mercado de trabajo: Jos\u00e9 A. Amate Fortes, director general de Pol\u00edticas Activas de Empleo, tratar\u00e1 sobre las pol\u00edticas activas de empleo desarrolladas desde la Junta de Andaluc\u00eda; Jos\u00e9 Mar\u00eda Arranz Mu\u00f1oz, profesor titular de la Universidad de Alcal\u00e1 de Henares, hablar\u00e1 del sistema de prestaciones por desempleo espa\u00f1ol (duraci\u00f3n de las prestaciones, la reincidencia, la vuelta al empleo anterior y los subsidios cruzados a nivel sectorial\/regional), y Victoria Osuna Padilla, profesora de la Universidad Pablo de Olavide, analizar\u00e1 los mecanismos de reducci\u00f3n de jornada y sus posibles efectos en el marco de la reforma laboral de 2012.<\/p>\n<p>Programa completo en:\u00a0<a href=\"http:\/\/centrodeestudiosandaluces.es\/index.php?mod=cea_actividades&amp;IdProg=ACT086\/14&amp;id=928&amp;idm=387&amp;byear=2014&amp;vid=17019\">http:\/\/centrodeestudiosandaluces.es\/index.php?mod=cea_actividades&amp;IdProg=ACT086\/14&amp;id=928&amp;idm=387&amp;byear=2014&amp;vid=17019<\/a><\/p>\n","protected":false},"excerpt":{"rendered":"<p>Hoy lunes, hasta las 14.30 horas en la sala de grados del edificio 6 de la Universidad Pablo de Olavide, se celebra el taller \u201cEl mercado de trabajo en Andaluc\u00eda: medidas hacia la recuperaci\u00f3n del empleo\u201d, organizado por el Centro de Estudios Andaluces y coordinado por el catedr\u00e1tico de Econom\u00eda de la Universidad Pablo de Olavide, Carlos Usabiaga Ib\u00e1\u00f1ez.<\/p>\n","protected":false},"author":8,"featured_media":0,"comment_status":"closed","ping_status":"open","sticky":false,"template":"","format":"standard","meta":{"_monsterinsights_skip_tracking":false,"_monsterinsights_sitenote_active":false,"_monsterinsights_sitenote_note":"","_monsterinsights_sitenote_category":0,"footnotes":""},"categories":[6],"tags":[190,1220,438,56,567,437],"class_list":["post-6984985","post","type-post","status-publish","format-standard","hentry","category-institucional","tag-andalucia","tag-centro-de-estudios-andaluces","tag-empleo","tag-investigacion","tag-mercado-laboral","tag-trabajo"],"_links":{"self":[{"href":"https:\/\/www.upo.es\/diario\/wp-json\/wp\/v2\/posts\/6984985","targetHints":{"allow":["GET"]}}],"collection":[{"href":"https:\/\/www.upo.es\/diario\/wp-json\/wp\/v2\/posts"}],"about":[{"href":"https:\/\/www.upo.es\/diario\/wp-json\/wp\/v2\/types\/post"}],"author":[{"embeddable":true,"href":"https:\/\/www.upo.es\/diario\/wp-json\/wp\/v2\/users\/8"}],"replies":[{"embeddable":true,"href":"https:\/\/www.upo.es\/diario\/wp-json\/wp\/v2\/comments?post=6984985"}],"version-history":[{"count":5,"href":"https:\/\/www.upo.es\/diario\/wp-json\/wp\/v2\/posts\/6984985\/revisions"}],"predecessor-version":[{"id":6984988,"href":"https:\/\/www.upo.es\/diario\/wp-json\/wp\/v2\/posts\/6984985\/revisions\/6984988"}],"wp:attachment":[{"href":"https:\/\/www.upo.es\/diario\/wp-json\/wp\/v2\/media?parent=6984985"}],"wp:term":[{"taxonomy":"category","embeddable":true,"href":"https:\/\/www.upo.es\/diario\/wp-json\/wp\/v2\/categories?post=6984985"},{"taxonomy":"post_tag","embeddable":true,"href":"https:\/\/www.upo.es\/diario\/wp-json\/wp\/v2\/tags?post=6984985"}],"curies":[{"name":"wp","href":"https:\/\/api.w.org\/{rel}","templated":true}]}}