{"id":6985754,"date":"2014-11-28T13:52:24","date_gmt":"2014-11-28T13:52:24","guid":{"rendered":"https:\/\/www.upo.es\/diario\/?p=6985754"},"modified":"2014-11-28T13:52:24","modified_gmt":"2014-11-28T13:52:24","slug":"el-rector-de-la-upo-y-el-director-de-caritas-diocesana-de-sevilla-firman-un-acuerdo-de-colaboracion","status":"publish","type":"post","link":"https:\/\/www.upo.es\/diario\/institucional\/2014\/11\/el-rector-de-la-upo-y-el-director-de-caritas-diocesana-de-sevilla-firman-un-acuerdo-de-colaboracion\/","title":{"rendered":"El rector de la UPO y el director de C\u00e1ritas Diocesana de Sevilla firman un acuerdo de colaboraci\u00f3n"},"content":{"rendered":"<figure id=\"attachment_6985755\" aria-describedby=\"caption-attachment-6985755\" style=\"width: 320px\" class=\"wp-caption alignright\"><a href=\"https:\/\/www.upo.es\/diario\/wp-content\/uploads\/2014\/11\/conve_caritas.jpg\"><img loading=\"lazy\" decoding=\"async\" class=\"size-medium wp-image-6985755\" alt=\"Vicente Guzm\u00e1n Fluja y por Mariano P\u00e9rez de Ayala Conradi\" src=\"https:\/\/www.upo.es\/diario\/wp-content\/uploads\/2014\/11\/conve_caritas-320x213.jpg\" width=\"320\" height=\"213\" srcset=\"https:\/\/www.upo.es\/diario\/wp-content\/uploads\/2014\/11\/conve_caritas-320x213.jpg 320w, https:\/\/www.upo.es\/diario\/wp-content\/uploads\/2014\/11\/conve_caritas-600x400.jpg 600w\" sizes=\"auto, (max-width: 320px) 100vw, 320px\" \/><\/a><figcaption id=\"caption-attachment-6985755\" class=\"wp-caption-text\">Vicente Guzm\u00e1n Fluja, rector de la UPO, y Mariano P\u00e9rez de Ayala Conradi, director de C\u00e1ritas Diocesana de Sevilla<\/figcaption><\/figure>\n<p>El rector de la Universidad Pablo de Olavide, Vicente Guzm\u00e1n Fluja, y el director de C\u00e1ritas Diocesana de Sevilla, Mariano P\u00e9rez de Ayala Conradi, han firmado un convenio marco de colaboraci\u00f3n que sienta las bases para la realizaci\u00f3n de actividades que se llevar\u00e1n a cabo conjuntamente para la mejora de las condiciones de vida de la sociedad, por la promoci\u00f3n del desarrollo humano y la cohesi\u00f3n social, prestando especial inter\u00e9s a aquellas personas, colectivos y territorios m\u00e1s desfavorecidos.<\/p>\n<p>La firma de este convenio tiene por objeto fijar el marco jur\u00eddico e institucional para llevar a cabo estas actividades conjuntas en torno al \u00e1mbito de la cooperaci\u00f3n social, con el fomento de la participaci\u00f3n de la comunidad universitaria en el apoyo a programas de voluntariado social; la coordinaci\u00f3n de actividades de voluntariado y la cooperaci\u00f3n en actividades de sensibilizaci\u00f3n social sobre igualdad, justicia social y acceso a los derechos sociales, as\u00ed como el apoyo al programa de alojamiento compartido de personas mayores en situaci\u00f3n de soledad y estudiantes de la UPO.<\/p>\n<p>La UPO y C\u00e1ritas Diocesana de Sevilla tambi\u00e9n van a reforzar su colaboraci\u00f3n en el \u00e1mbito de la docencia y la investigaci\u00f3n, con procesos de formaci\u00f3n de profesionales y voluntarios y la realizaci\u00f3n de pr\u00e1cticas de formaci\u00f3n; el fomento de la cooperaci\u00f3n en proyectos e iniciativas de investigaci\u00f3n as\u00ed como el desarrollo e innovaci\u00f3n en temas de investigaci\u00f3n social, y finalmente el desarrollo de iniciativas conjuntas de innovaci\u00f3n docente basadas en modelos de aprendizaje servicio.<\/p>\n<p>Asimismo, la UPO y C\u00e1ritas de Sevilla, como integrante de la Mesa del Tercer Sector de Andalucia, impulsar\u00e1n la colaboraci\u00f3n com\u00fan en la Iniciativa Bit\u00e1cula puesta en marcha por la Olavide y las diferentes redes del Tercer Sector de Andaluc\u00eda.<\/p>\n<p>Tanto el rector de la UPO como el director de C\u00e1ritas Diocesana de Sevilla han mostrado su satisfacci\u00f3n por la firma de este convenio que consolida la cooperaci\u00f3n conjunta entre ambas entidades, que se sustenta del lado de la UPO en su vocaci\u00f3n de conexi\u00f3n con la sociedad civil como espacio desde el que hacer efectiva su responsabilidad civil, y del lado de C\u00e1ritas Diocesana en su inter\u00e9s en promover y cooperar con entidades socioeducativas a fin de avanzar conjuntamente en este \u00e1mbito de actuaci\u00f3n.<\/p>\n","protected":false},"excerpt":{"rendered":"<p>El rector de la Universidad Pablo de Olavide, Vicente Guzm\u00e1n Fluja, y el director de C\u00e1ritas Diocesana de Sevilla, Mariano P\u00e9rez de Ayala Conradi, han firmado un convenio marco de colaboraci\u00f3n que sienta las bases para la realizaci\u00f3n de actividades que se llevar\u00e1n a cabo conjuntamente para la mejora de las condiciones de vida de la sociedad, por la promoci\u00f3n del desarrollo humano y la cohesi\u00f3n social, prestando especial inter\u00e9s a aquellas personas, colectivos y territorios m\u00e1s desfavorecidos.<\/p>\n","protected":false},"author":8,"featured_media":0,"comment_status":"closed","ping_status":"open","sticky":false,"template":"","format":"standard","meta":{"_monsterinsights_skip_tracking":false,"_monsterinsights_sitenote_active":false,"_monsterinsights_sitenote_note":"","_monsterinsights_sitenote_category":0,"footnotes":""},"categories":[6],"tags":[700,1239,2048,326,1425,1065,462,1915],"class_list":["post-6985754","post","type-post","status-publish","format-standard","hentry","category-institucional","tag-acuerdo","tag-caritas","tag-colaboracion","tag-convenio","tag-firma","tag-obra-social","tag-responsabilidad-social","tag-vicente-guzman-fluja"],"_links":{"self":[{"href":"https:\/\/www.upo.es\/diario\/wp-json\/wp\/v2\/posts\/6985754","targetHints":{"allow":["GET"]}}],"collection":[{"href":"https:\/\/www.upo.es\/diario\/wp-json\/wp\/v2\/posts"}],"about":[{"href":"https:\/\/www.upo.es\/diario\/wp-json\/wp\/v2\/types\/post"}],"author":[{"embeddable":true,"href":"https:\/\/www.upo.es\/diario\/wp-json\/wp\/v2\/users\/8"}],"replies":[{"embeddable":true,"href":"https:\/\/www.upo.es\/diario\/wp-json\/wp\/v2\/comments?post=6985754"}],"version-history":[{"count":2,"href":"https:\/\/www.upo.es\/diario\/wp-json\/wp\/v2\/posts\/6985754\/revisions"}],"predecessor-version":[{"id":6985757,"href":"https:\/\/www.upo.es\/diario\/wp-json\/wp\/v2\/posts\/6985754\/revisions\/6985757"}],"wp:attachment":[{"href":"https:\/\/www.upo.es\/diario\/wp-json\/wp\/v2\/media?parent=6985754"}],"wp:term":[{"taxonomy":"category","embeddable":true,"href":"https:\/\/www.upo.es\/diario\/wp-json\/wp\/v2\/categories?post=6985754"},{"taxonomy":"post_tag","embeddable":true,"href":"https:\/\/www.upo.es\/diario\/wp-json\/wp\/v2\/tags?post=6985754"}],"curies":[{"name":"wp","href":"https:\/\/api.w.org\/{rel}","templated":true}]}}